{"id":30488,"date":"2024-10-08T20:31:26","date_gmt":"2024-10-09T02:31:26","guid":{"rendered":"https:\/\/gerardoduque.com.mx\/?p=30488"},"modified":"2024-10-08T20:31:27","modified_gmt":"2024-10-09T02:31:27","slug":"generaran-proyecto-para-combatir-el-trabajo-infantil","status":"publish","type":"post","link":"https:\/\/gerardoduque.com.mx\/?p=30488","title":{"rendered":"GENERAR\u00c1N PROYECTO PARA COMBATIR EL TRABAJO INFANTIL"},"content":{"rendered":"\n<p>La Secretar\u00eda General de Gobierno, a trav\u00e9s del Sistema Estatal de Protecci\u00f3n Integral de Ni\u00f1as, Ni\u00f1os y Adolescentes present\u00f3 el proyecto de Liderazgo, Organizaci\u00f3n y Colaboraci\u00f3n para la Acci\u00f3n Colectiva en temas Laborales, a desarrollarse con aval de organizaciones como Save Children y Verit\u00e9, dedicadas a la protecci\u00f3n de esos sectores de la poblaci\u00f3n en todo el mundo.<\/p>\n\n\n\n<p>La secretaria ejecutiva del Sipinna inform\u00f3 que este proyecto busca incrementar la capacidad de los actores municipales en el dise\u00f1o e implementaci\u00f3n de las acciones de combate al trabajo infantil, el trabajo forzoso y sus causas estructurales.<\/p>\n\n\n\n<p>Durante la presentaci\u00f3n del proyecto, en Ciudad Valles, las autoridades abordaron las actividades para generar un ejercicio de validaci\u00f3n con las personas participantes, como representantes de los sectores p\u00fablico, privado y social de Aquism\u00f3n y Valles, quienes tuvieron la oportunidad de conocer el proyecto junto con representantes del Departamento de Trabajo de los Estados Unidos que colaboran con las organizaciones internacionales como Save Children y Verit\u00e9.<\/p>\n\n\n\n<p>El proyecto tendr\u00e1 una duraci\u00f3n de cuatro a\u00f1os, iniciar\u00e1 en diciembre y concluir\u00e1 en diciembre del 2027.<\/p>\n\n\n\n<figure class=\"wp-block-gallery has-nested-images columns-default is-cropped wp-block-gallery-1 is-layout-flex wp-block-gallery-is-layout-flex\">\n<figure class=\"wp-block-image size-large\"><img decoding=\"async\" width=\"983\" height=\"737\" data-id=\"30493\" src=\"https:\/\/gerardoduque.com.mx\/wp-content\/uploads\/2024\/10\/WhatsApp-Image-2024-10-08-at-8.01.45-PM-3.jpeg\" alt=\"\" class=\"wp-image-30493\" srcset=\"https:\/\/gerardoduque.com.mx\/wp-content\/uploads\/2024\/10\/WhatsApp-Image-2024-10-08-at-8.01.45-PM-3.jpeg 983w, https:\/\/gerardoduque.com.mx\/wp-content\/uploads\/2024\/10\/WhatsApp-Image-2024-10-08-at-8.01.45-PM-3-980x735.jpeg 980w, https:\/\/gerardoduque.com.mx\/wp-content\/uploads\/2024\/10\/WhatsApp-Image-2024-10-08-at-8.01.45-PM-3-480x360.jpeg 480w\" sizes=\"(min-width: 0px) and (max-width: 480px) 480px, (min-width: 481px) and (max-width: 980px) 980px, (min-width: 981px) 983px, 100vw\" \/><\/figure>\n\n\n\n<figure class=\"wp-block-image size-large\"><img decoding=\"async\" width=\"1024\" height=\"768\" data-id=\"30492\" src=\"https:\/\/gerardoduque.com.mx\/wp-content\/uploads\/2024\/10\/WhatsApp-Image-2024-10-08-at-8.01.45-PM-1-1024x768.jpeg\" alt=\"\" class=\"wp-image-30492\" srcset=\"https:\/\/gerardoduque.com.mx\/wp-content\/uploads\/2024\/10\/WhatsApp-Image-2024-10-08-at-8.01.45-PM-1-1024x768.jpeg 1024w, https:\/\/gerardoduque.com.mx\/wp-content\/uploads\/2024\/10\/WhatsApp-Image-2024-10-08-at-8.01.45-PM-1-980x735.jpeg 980w, https:\/\/gerardoduque.com.mx\/wp-content\/uploads\/2024\/10\/WhatsApp-Image-2024-10-08-at-8.01.45-PM-1-480x360.jpeg 480w\" sizes=\"(min-width: 0px) and (max-width: 480px) 480px, (min-width: 481px) and (max-width: 980px) 980px, (min-width: 981px) 1024px, 100vw\" \/><\/figure>\n\n\n\n<figure class=\"wp-block-image size-large\"><img decoding=\"async\" width=\"986\" height=\"739\" data-id=\"30491\" src=\"https:\/\/gerardoduque.com.mx\/wp-content\/uploads\/2024\/10\/WhatsApp-Image-2024-10-08-at-8.01.45-PM.jpeg\" alt=\"\" class=\"wp-image-30491\" srcset=\"https:\/\/gerardoduque.com.mx\/wp-content\/uploads\/2024\/10\/WhatsApp-Image-2024-10-08-at-8.01.45-PM.jpeg 986w, https:\/\/gerardoduque.com.mx\/wp-content\/uploads\/2024\/10\/WhatsApp-Image-2024-10-08-at-8.01.45-PM-980x735.jpeg 980w, https:\/\/gerardoduque.com.mx\/wp-content\/uploads\/2024\/10\/WhatsApp-Image-2024-10-08-at-8.01.45-PM-480x360.jpeg 480w\" sizes=\"(min-width: 0px) and (max-width: 480px) 480px, (min-width: 481px) and (max-width: 980px) 980px, (min-width: 981px) 986px, 100vw\" \/><\/figure>\n<\/figure>\n","protected":false},"excerpt":{"rendered":"<p>La organizaci\u00f3n Save Children y Verit\u00e9 conocieron y validaron un proyecto que arrancar\u00e1 en Ciudad Valles, a trav\u00e9s del Sistema Estatal de Protecci\u00f3n Integral de Ni\u00f1as, Ni\u00f1os y Adolescentes <\/p>\n","protected":false},"author":4,"featured_media":30490,"comment_status":"closed","ping_status":"closed","sticky":false,"template":"","format":"standard","meta":{"_et_pb_use_builder":"off","_et_pb_old_content":"","_et_gb_content_width":"","footnotes":""},"categories":[412,280],"tags":[72,66,394],"class_list":["post-30488","post","type-post","status-publish","format-standard","has-post-thumbnail","hentry","category-destacado","category-gob-slp","tag-gobierno-del-estado","tag-san-luis-potosi","tag-sgg"],"_links":{"self":[{"href":"https:\/\/gerardoduque.com.mx\/index.php?rest_route=\/wp\/v2\/posts\/30488","targetHints":{"allow":["GET"]}}],"collection":[{"href":"https:\/\/gerardoduque.com.mx\/index.php?rest_route=\/wp\/v2\/posts"}],"about":[{"href":"https:\/\/gerardoduque.com.mx\/index.php?rest_route=\/wp\/v2\/types\/post"}],"author":[{"embeddable":true,"href":"https:\/\/gerardoduque.com.mx\/index.php?rest_route=\/wp\/v2\/users\/4"}],"replies":[{"embeddable":true,"href":"https:\/\/gerardoduque.com.mx\/index.php?rest_route=%2Fwp%2Fv2%2Fcomments&post=30488"}],"version-history":[{"count":0,"href":"https:\/\/gerardoduque.com.mx\/index.php?rest_route=\/wp\/v2\/posts\/30488\/revisions"}],"wp:featuredmedia":[{"embeddable":true,"href":"https:\/\/gerardoduque.com.mx\/index.php?rest_route=\/wp\/v2\/media\/30490"}],"wp:attachment":[{"href":"https:\/\/gerardoduque.com.mx\/index.php?rest_route=%2Fwp%2Fv2%2Fmedia&parent=30488"}],"wp:term":[{"taxonomy":"category","embeddable":true,"href":"https:\/\/gerardoduque.com.mx\/index.php?rest_route=%2Fwp%2Fv2%2Fcategories&post=30488"},{"taxonomy":"post_tag","embeddable":true,"href":"https:\/\/gerardoduque.com.mx\/index.php?rest_route=%2Fwp%2Fv2%2Ftags&post=30488"}],"curies":[{"name":"wp","href":"https:\/\/api.w.org\/{rel}","templated":true}]}}