{"id":30475,"date":"2024-10-08T13:22:52","date_gmt":"2024-10-08T19:22:52","guid":{"rendered":"https:\/\/gerardoduque.com.mx\/?p=30475"},"modified":"2024-10-08T13:22:55","modified_gmt":"2024-10-08T19:22:55","slug":"gestionan-aumento-salarial-al-personal-burocrata-del-estado","status":"publish","type":"post","link":"https:\/\/gerardoduque.com.mx\/?p=30475","title":{"rendered":"GESTIONAN AUMENTO SALARIAL AL PERSONAL BUR\u00d3CRATA DEL ESTADO"},"content":{"rendered":"\n<p>Habr\u00e1 un aumento salarial para el personal sindicalizado del 2.1 por ciento directo a su sueldo, el cual es superior al aumento del a\u00f1o pasado, sin afectar las finanzas estatales.<\/p>\n\n\n\n<p>Lo anterior lo explic\u00f3 el oficial mayor, a\u00f1adiendo que es fundamental atender las necesidades del personal sindicalizado, por lo que estar\u00e1n trabajando en conjunto con la titular de la Secretar\u00eda de Finanzas para pr\u00f3ximamente ejecutar los incrementos. En total el aumento salarial representar\u00e1 un aumento presupuestal de entre 26 y 28 millones de pesos para beneficiar a quienes reciben esta prestaci\u00f3n.<\/p>\n\n\n\n<p>Se refrend\u00f3 su compromiso con el personal de trabajo, el cual funge como la principal fuerza operativa del Gobierno, por lo que invit\u00f3 a acercarse a los bur\u00f3cratas que tengan inquietudes a acudir a la Oficial\u00eda Mayor.<\/p>\n","protected":false},"excerpt":{"rendered":"<p>Habr\u00e1 un incremento superior al del a\u00f1o pasado del 2.1 por ciento directo a su sueldo.<\/p>\n","protected":false},"author":4,"featured_media":30476,"comment_status":"closed","ping_status":"closed","sticky":false,"template":"","format":"standard","meta":{"_et_pb_use_builder":"off","_et_pb_old_content":"","_et_gb_content_width":"","footnotes":""},"categories":[280],"tags":[72,289,66,132],"class_list":["post-30475","post","type-post","status-publish","format-standard","has-post-thumbnail","hentry","category-gob-slp","tag-gobierno-del-estado","tag-oficialia-mayor","tag-san-luis-potosi","tag-sefin"],"_links":{"self":[{"href":"https:\/\/gerardoduque.com.mx\/index.php?rest_route=\/wp\/v2\/posts\/30475","targetHints":{"allow":["GET"]}}],"collection":[{"href":"https:\/\/gerardoduque.com.mx\/index.php?rest_route=\/wp\/v2\/posts"}],"about":[{"href":"https:\/\/gerardoduque.com.mx\/index.php?rest_route=\/wp\/v2\/types\/post"}],"author":[{"embeddable":true,"href":"https:\/\/gerardoduque.com.mx\/index.php?rest_route=\/wp\/v2\/users\/4"}],"replies":[{"embeddable":true,"href":"https:\/\/gerardoduque.com.mx\/index.php?rest_route=%2Fwp%2Fv2%2Fcomments&post=30475"}],"version-history":[{"count":0,"href":"https:\/\/gerardoduque.com.mx\/index.php?rest_route=\/wp\/v2\/posts\/30475\/revisions"}],"wp:featuredmedia":[{"embeddable":true,"href":"https:\/\/gerardoduque.com.mx\/index.php?rest_route=\/wp\/v2\/media\/30476"}],"wp:attachment":[{"href":"https:\/\/gerardoduque.com.mx\/index.php?rest_route=%2Fwp%2Fv2%2Fmedia&parent=30475"}],"wp:term":[{"taxonomy":"category","embeddable":true,"href":"https:\/\/gerardoduque.com.mx\/index.php?rest_route=%2Fwp%2Fv2%2Fcategories&post=30475"},{"taxonomy":"post_tag","embeddable":true,"href":"https:\/\/gerardoduque.com.mx\/index.php?rest_route=%2Fwp%2Fv2%2Ftags&post=30475"}],"curies":[{"name":"wp","href":"https:\/\/api.w.org\/{rel}","templated":true}]}}