{"id":30468,"date":"2024-10-08T07:06:03","date_gmt":"2024-10-08T13:06:03","guid":{"rendered":"https:\/\/gerardoduque.com.mx\/?p=30468"},"modified":"2024-10-08T07:06:07","modified_gmt":"2024-10-08T13:06:07","slug":"iniciara-jornada-gratuita-de-vacunacion-en-slp","status":"publish","type":"post","link":"https:\/\/gerardoduque.com.mx\/?p=30468","title":{"rendered":"INICIAR\u00c1 JORNADA GRATUITA DE VACUNACI\u00d3N EN SLP"},"content":{"rendered":"\n<p>Los Servicios de Salud arrancar\u00e1n la Jornada de Vacunaci\u00f3n Invernal con un evento masivo para aplicar biol\u00f3gicos contra influenza, neumococo y Covid-19, el pr\u00f3ximo 15 de octubre en las instalaciones de la Feria Nacional Potosina de 9:30 a 15:00 horas, por lo que invit\u00f3 a los potosinos a acudir con su Cartilla Nacional de Salud.<\/p>\n\n\n\n<p>En el evento vacunar\u00e1n a la poblaci\u00f3n en general, y posteriormente a grupos objetivo como personas adultas mayores de 60 a\u00f1os, ni\u00f1as y ni\u00f1os de seis a 59 meses, embarazadas o en periodo de lactancia exclusiva, personal de salud y personas con comorbilidades de cinco a 59 a\u00f1os.<\/p>\n\n\n\n<p>Al inicio de la jornada, la dependencia contar\u00e1 con personal de diferentes \u00e1reas de la Secretar\u00eda de Salud, que estar\u00e1 brindando m\u00e1s apoyo a la salud de los potosinos en la Jornada de Salud de Atenci\u00f3n Preventiva, con m\u00f3dulos informativos sobre c\u00e1ncer de la mujer, prevenci\u00f3n de infecciones respiratorias, entrega de Cartillas Nacionales de Salud, Colocaci\u00f3n y asesor\u00eda de m\u00e9todos de planificaci\u00f3n familiar, servicio y atenci\u00f3n dental y acerca del dengue.<\/p>\n\n\n\n<p>Finalmente, se indic\u00f3 que quienes han extraviado o no tengan su cartilla, pueden acudir a su unidad de salud m\u00e1s cercana a sus domicilios y solicitar una nueva, para lo que deben llevar su CURP actualizada, comprobante de domicilio, INE y fotograf\u00eda tama\u00f1o infantil.<\/p>\n","protected":false},"excerpt":{"rendered":"<p>El pr\u00f3ximo 15 de octubre, en las instalaciones de la Fenapo, se vacunar\u00e1 contra influenza, neumococo y Covid-19.<\/p>\n","protected":false},"author":4,"featured_media":30469,"comment_status":"closed","ping_status":"closed","sticky":false,"template":"","format":"standard","meta":{"_et_pb_use_builder":"off","_et_pb_old_content":"","_et_gb_content_width":"","footnotes":""},"categories":[280],"tags":[72,66,217],"class_list":["post-30468","post","type-post","status-publish","format-standard","has-post-thumbnail","hentry","category-gob-slp","tag-gobierno-del-estado","tag-san-luis-potosi","tag-ssa"],"_links":{"self":[{"href":"https:\/\/gerardoduque.com.mx\/index.php?rest_route=\/wp\/v2\/posts\/30468","targetHints":{"allow":["GET"]}}],"collection":[{"href":"https:\/\/gerardoduque.com.mx\/index.php?rest_route=\/wp\/v2\/posts"}],"about":[{"href":"https:\/\/gerardoduque.com.mx\/index.php?rest_route=\/wp\/v2\/types\/post"}],"author":[{"embeddable":true,"href":"https:\/\/gerardoduque.com.mx\/index.php?rest_route=\/wp\/v2\/users\/4"}],"replies":[{"embeddable":true,"href":"https:\/\/gerardoduque.com.mx\/index.php?rest_route=%2Fwp%2Fv2%2Fcomments&post=30468"}],"version-history":[{"count":0,"href":"https:\/\/gerardoduque.com.mx\/index.php?rest_route=\/wp\/v2\/posts\/30468\/revisions"}],"wp:featuredmedia":[{"embeddable":true,"href":"https:\/\/gerardoduque.com.mx\/index.php?rest_route=\/wp\/v2\/media\/30469"}],"wp:attachment":[{"href":"https:\/\/gerardoduque.com.mx\/index.php?rest_route=%2Fwp%2Fv2%2Fmedia&parent=30468"}],"wp:term":[{"taxonomy":"category","embeddable":true,"href":"https:\/\/gerardoduque.com.mx\/index.php?rest_route=%2Fwp%2Fv2%2Fcategories&post=30468"},{"taxonomy":"post_tag","embeddable":true,"href":"https:\/\/gerardoduque.com.mx\/index.php?rest_route=%2Fwp%2Fv2%2Ftags&post=30468"}],"curies":[{"name":"wp","href":"https:\/\/api.w.org\/{rel}","templated":true}]}}