{"id":30466,"date":"2024-10-08T07:01:16","date_gmt":"2024-10-08T13:01:16","guid":{"rendered":"https:\/\/gerardoduque.com.mx\/?p=30466"},"modified":"2024-10-08T07:01:21","modified_gmt":"2024-10-08T13:01:21","slug":"se-realizara-diplomado-gratuito-en-periodismo-en-ciudad-valles","status":"publish","type":"post","link":"https:\/\/gerardoduque.com.mx\/?p=30466","title":{"rendered":"SE REALIZAR\u00c1 DIPLOMADO GRATUITO EN PERIODISMO EN CIUDAD VALLES"},"content":{"rendered":"\n<p>La Secretar\u00eda General de Gobierno, a trav\u00e9s del Mecanismo Estatal de Protecci\u00f3n a Personas Defensoras de Derechos Humanos y Periodistas, impartir\u00e1 por segundo a\u00f1o consecutivo, el Diplomado en Periodismo que organiz\u00f3 a favor de la profesionalizaci\u00f3n y la capacitaci\u00f3n de representantes de medios de comunicaci\u00f3n y activistas que buscan consolidar sus conocimientos de forma te\u00f3rica y pr\u00e1ctica para alcanzar un mejor desempe\u00f1o profesional.<\/p>\n\n\n\n<p>El Diplomado est\u00e1 dirigido a profesionales del periodismo y personas dedicadas a la defensa de los derechos humanos que deber\u00e1n contar con conocimientos b\u00e1sicos m\u00ednimos en periodismo y estudios m\u00ednimos de bachillerato, preferentemente que vivan en la Huasteca y regi\u00f3n media.<\/p>\n\n\n\n<p>El diplomado est\u00e1 coordinado por la Secretar\u00eda General de Gobierno y la Facultad de Ciencias de la Comunicaci\u00f3n de la Universidad Aut\u00f3noma de San Luis Potos\u00ed, y busca generar reflexiones, t\u00e9cnicas period\u00edsticas y herramientas, haciendo parte de los procesos informativos a las tecnolog\u00edas y su impacto en la generaci\u00f3n de pautas, reporteo, producci\u00f3n multimedia de los contenidos, distribuci\u00f3n y consumo de informaci\u00f3n por las audiencias y p\u00fablicos.<\/p>\n\n\n\n<p>Consta de 10 m\u00f3dulos y 130 horas con sesiones presenciales los viernes de 15:00 a 21:00 horas y s\u00e1bados de 8:00 a 15:00 horas, en el campus Ciudad Valles de la UASLP con m\u00f3dulos desarrollados por periodistas, docentes universitarios o de posgrado y con amplia experiencia en sus campos a nivel local y nacional.<\/p>\n\n\n\n<p>Para mayor informaci\u00f3n consultar: https:\/\/slp.gob.mx\/sgg\/pdf\/Despacho\/SLP%20DIPLOMADO.pdf ya que el cupo est\u00e1 limitado a 25 participantes y deber\u00e1n concluir su proceso de registro a m\u00e1s tardar el 16 de octubre.<\/p>\n","protected":false},"excerpt":{"rendered":"<p>El Diplomado est\u00e1 dirigido a profesionales del periodismo y personas dedicadas a la defensa de los derechos humanos que deber\u00e1n contar con conocimientos b\u00e1sicos m\u00ednimos en periodismo <\/p>\n","protected":false},"author":4,"featured_media":21537,"comment_status":"closed","ping_status":"closed","sticky":false,"template":"","format":"standard","meta":{"_et_pb_use_builder":"off","_et_pb_old_content":"","_et_gb_content_width":"","footnotes":""},"categories":[280],"tags":[72,66,394],"class_list":["post-30466","post","type-post","status-publish","format-standard","has-post-thumbnail","hentry","category-gob-slp","tag-gobierno-del-estado","tag-san-luis-potosi","tag-sgg"],"_links":{"self":[{"href":"https:\/\/gerardoduque.com.mx\/index.php?rest_route=\/wp\/v2\/posts\/30466","targetHints":{"allow":["GET"]}}],"collection":[{"href":"https:\/\/gerardoduque.com.mx\/index.php?rest_route=\/wp\/v2\/posts"}],"about":[{"href":"https:\/\/gerardoduque.com.mx\/index.php?rest_route=\/wp\/v2\/types\/post"}],"author":[{"embeddable":true,"href":"https:\/\/gerardoduque.com.mx\/index.php?rest_route=\/wp\/v2\/users\/4"}],"replies":[{"embeddable":true,"href":"https:\/\/gerardoduque.com.mx\/index.php?rest_route=%2Fwp%2Fv2%2Fcomments&post=30466"}],"version-history":[{"count":0,"href":"https:\/\/gerardoduque.com.mx\/index.php?rest_route=\/wp\/v2\/posts\/30466\/revisions"}],"wp:featuredmedia":[{"embeddable":true,"href":"https:\/\/gerardoduque.com.mx\/index.php?rest_route=\/wp\/v2\/media\/21537"}],"wp:attachment":[{"href":"https:\/\/gerardoduque.com.mx\/index.php?rest_route=%2Fwp%2Fv2%2Fmedia&parent=30466"}],"wp:term":[{"taxonomy":"category","embeddable":true,"href":"https:\/\/gerardoduque.com.mx\/index.php?rest_route=%2Fwp%2Fv2%2Fcategories&post=30466"},{"taxonomy":"post_tag","embeddable":true,"href":"https:\/\/gerardoduque.com.mx\/index.php?rest_route=%2Fwp%2Fv2%2Ftags&post=30466"}],"curies":[{"name":"wp","href":"https:\/\/api.w.org\/{rel}","templated":true}]}}