{"id":30452,"date":"2024-10-07T12:52:05","date_gmt":"2024-10-07T18:52:05","guid":{"rendered":"https:\/\/gerardoduque.com.mx\/?p=30452"},"modified":"2024-10-07T12:52:08","modified_gmt":"2024-10-07T18:52:08","slug":"capacitan-a-funcionarios-municipales-en-temas-de-subsidios-federales","status":"publish","type":"post","link":"https:\/\/gerardoduque.com.mx\/?p=30452","title":{"rendered":"CAPACITAN A FUNCIONARIOS MUNICIPALES EN TEMAS DE SUBSIDIOS FEDERALES"},"content":{"rendered":"\n<p>Funcionarios de los 59 nuevos gobiernos municipales potosinos encargados de la materia de seguridad, recibieron capacitaci\u00f3n sobre las obligaciones que deber\u00e1n de cumplir las autoridades que tomaron protesta el pasado 1 de octubre, por parte del Secretariado Ejecutivo del Consejo Estatal de Seguridad P\u00fablica, y la Coordinaci\u00f3n Estatal para el Fortalecimiento Institucional de los Municipios.<\/p>\n\n\n\n<p>Durante la capacitaci\u00f3n, se revisaron programas de subsidio federal como el Fondo de Aportaciones para el Fortalecimiento de los Municipios y de las Demarcaciones Territoriales del Distrito Federal (Fortamun), y el Fondo de Aportaciones para la Seguridad P\u00fablica (FASP), que brinda el Secretariado a las polic\u00edas municipales.<\/p>\n\n\n\n<p>Se agradeci\u00f3 a los m\u00e1s de 160 nuevos funcionarios municipales que participaron en este evento y agreg\u00f3 que la pr\u00f3xima semana contar\u00e1n con otra capacitaci\u00f3n relacionada con la Integraci\u00f3n de Juntas de Participaci\u00f3n Ciudadana y Consejos de Desarrollo Social.<\/p>\n","protected":false},"excerpt":{"rendered":"<p>M\u00e1s de 160 funcionarios municipales participaron en la capacitaci\u00f3n con la que podr\u00e1n solicitar m\u00e1s recursos en materia de seguridad<\/p>\n","protected":false},"author":4,"featured_media":30453,"comment_status":"closed","ping_status":"closed","sticky":false,"template":"","format":"standard","meta":{"_et_pb_use_builder":"off","_et_pb_old_content":"","_et_gb_content_width":"","footnotes":""},"categories":[280],"tags":[209,72,66],"class_list":["post-30452","post","type-post","status-publish","format-standard","has-post-thumbnail","hentry","category-gob-slp","tag-cefim","tag-gobierno-del-estado","tag-san-luis-potosi"],"_links":{"self":[{"href":"https:\/\/gerardoduque.com.mx\/index.php?rest_route=\/wp\/v2\/posts\/30452","targetHints":{"allow":["GET"]}}],"collection":[{"href":"https:\/\/gerardoduque.com.mx\/index.php?rest_route=\/wp\/v2\/posts"}],"about":[{"href":"https:\/\/gerardoduque.com.mx\/index.php?rest_route=\/wp\/v2\/types\/post"}],"author":[{"embeddable":true,"href":"https:\/\/gerardoduque.com.mx\/index.php?rest_route=\/wp\/v2\/users\/4"}],"replies":[{"embeddable":true,"href":"https:\/\/gerardoduque.com.mx\/index.php?rest_route=%2Fwp%2Fv2%2Fcomments&post=30452"}],"version-history":[{"count":0,"href":"https:\/\/gerardoduque.com.mx\/index.php?rest_route=\/wp\/v2\/posts\/30452\/revisions"}],"wp:featuredmedia":[{"embeddable":true,"href":"https:\/\/gerardoduque.com.mx\/index.php?rest_route=\/wp\/v2\/media\/30453"}],"wp:attachment":[{"href":"https:\/\/gerardoduque.com.mx\/index.php?rest_route=%2Fwp%2Fv2%2Fmedia&parent=30452"}],"wp:term":[{"taxonomy":"category","embeddable":true,"href":"https:\/\/gerardoduque.com.mx\/index.php?rest_route=%2Fwp%2Fv2%2Fcategories&post=30452"},{"taxonomy":"post_tag","embeddable":true,"href":"https:\/\/gerardoduque.com.mx\/index.php?rest_route=%2Fwp%2Fv2%2Ftags&post=30452"}],"curies":[{"name":"wp","href":"https:\/\/api.w.org\/{rel}","templated":true}]}}