{"id":30449,"date":"2024-10-07T12:48:14","date_gmt":"2024-10-07T18:48:14","guid":{"rendered":"https:\/\/gerardoduque.com.mx\/?p=30449"},"modified":"2024-10-07T12:48:18","modified_gmt":"2024-10-07T18:48:18","slug":"realizan-exposicion-guerreras-de-dios-en-busqueda-de-concientizar-sobre-el-cancer-de-mama","status":"publish","type":"post","link":"https:\/\/gerardoduque.com.mx\/?p=30449","title":{"rendered":"REALIZAN EXPOSICI\u00d3N \u201cGUERRERAS DE DIOS\u201d EN B\u00daSQUEDA DE CONCIENTIZAR SOBRE EL C\u00c1NCER DE MAMA"},"content":{"rendered":"\n<p>En el marco del mes para sensibilizaci\u00f3n de la lucha contra el c\u00e1ncer de mama, la artista potosina Elizabeth Alfaro Reyna, present\u00f3 la exposici\u00f3n pict\u00f3rica titulada \u201cGuerreras de Dios: Una Batalla ante el Enemigo Silencioso\u201d en las instalaciones del Museo Mariano Jim\u00e9nez en el centro hist\u00f3rico de San Luis Potos\u00ed.<\/p>\n\n\n\n<p>&nbsp;La retratista utiliz\u00f3 diez mujeres incluida ella, como modelos para plasmar en \u00f3leo y acr\u00edlico el proceso, la fortaleza para conducirse y los sentimientos que conlleva combatir como paciente esta enfermedad.<\/p>\n\n\n\n<p>\u201cCada persona lo llev\u00e1bamos de una manera diferente, y para m\u00ed estas obras son una admiraci\u00f3n, un respeto hacia ellas; de ah\u00ed naci\u00f3 mi inspiraci\u00f3n a no tener miedo\u201d, asever\u00f3 Alfaro Reyna.<\/p>\n\n\n\n<p>Asimismo, la pintora coment\u00f3 que esta exposici\u00f3n ser\u00e1 exhibida del 4 al 25 de octubre y es un homenaje con dedicaci\u00f3n especial para dos de las modelos, puesto que, recientemente perdieron la batalla.<\/p>\n\n\n\n<p>Para finalizar, Elisa brind\u00f3 unas palabras para los presentes y resalt\u00f3 la importancia de la detecci\u00f3n a tiempo y cuidado de este padecimiento que afecta a muchas mujeres potosinas a\u00f1o con a\u00f1o.<\/p>\n","protected":false},"excerpt":{"rendered":"<p>Las pinturas ser\u00e1n exhibidas del 4 al 25 de octubre en el museo Mariano Jim\u00e9nez<\/p>\n","protected":false},"author":4,"featured_media":30450,"comment_status":"closed","ping_status":"closed","sticky":false,"template":"","format":"standard","meta":{"_et_pb_use_builder":"off","_et_pb_old_content":"","_et_gb_content_width":"","footnotes":""},"categories":[280],"tags":[72,66],"class_list":["post-30449","post","type-post","status-publish","format-standard","has-post-thumbnail","hentry","category-gob-slp","tag-gobierno-del-estado","tag-san-luis-potosi"],"_links":{"self":[{"href":"https:\/\/gerardoduque.com.mx\/index.php?rest_route=\/wp\/v2\/posts\/30449","targetHints":{"allow":["GET"]}}],"collection":[{"href":"https:\/\/gerardoduque.com.mx\/index.php?rest_route=\/wp\/v2\/posts"}],"about":[{"href":"https:\/\/gerardoduque.com.mx\/index.php?rest_route=\/wp\/v2\/types\/post"}],"author":[{"embeddable":true,"href":"https:\/\/gerardoduque.com.mx\/index.php?rest_route=\/wp\/v2\/users\/4"}],"replies":[{"embeddable":true,"href":"https:\/\/gerardoduque.com.mx\/index.php?rest_route=%2Fwp%2Fv2%2Fcomments&post=30449"}],"version-history":[{"count":0,"href":"https:\/\/gerardoduque.com.mx\/index.php?rest_route=\/wp\/v2\/posts\/30449\/revisions"}],"wp:featuredmedia":[{"embeddable":true,"href":"https:\/\/gerardoduque.com.mx\/index.php?rest_route=\/wp\/v2\/media\/30450"}],"wp:attachment":[{"href":"https:\/\/gerardoduque.com.mx\/index.php?rest_route=%2Fwp%2Fv2%2Fmedia&parent=30449"}],"wp:term":[{"taxonomy":"category","embeddable":true,"href":"https:\/\/gerardoduque.com.mx\/index.php?rest_route=%2Fwp%2Fv2%2Fcategories&post=30449"},{"taxonomy":"post_tag","embeddable":true,"href":"https:\/\/gerardoduque.com.mx\/index.php?rest_route=%2Fwp%2Fv2%2Ftags&post=30449"}],"curies":[{"name":"wp","href":"https:\/\/api.w.org\/{rel}","templated":true}]}}