{"id":30442,"date":"2024-10-07T07:01:13","date_gmt":"2024-10-07T13:01:13","guid":{"rendered":"https:\/\/gerardoduque.com.mx\/?p=30442"},"modified":"2024-10-07T07:01:16","modified_gmt":"2024-10-07T13:01:16","slug":"fue-realizada-la-12-feria-de-pasaportes-americanos","status":"publish","type":"post","link":"https:\/\/gerardoduque.com.mx\/?p=30442","title":{"rendered":"FUE REALIZADA LA 12 FERIA DE PASAPORTES AMERICANOS"},"content":{"rendered":"\n<p>En apoyo a los paisanos potosinos con la \u201c12 feria de pasaportes americanos\u201d, se registraron una importante respuesta por parte de personas que nacieron en los Estados Unidos y sus padres son potosinos. En total, m\u00e1s de 60 personas podr\u00edan obtener este documento que beneficia a las familias potosinas, a las cuales les dar\u00e1 el acceso a diversos programas sociales tanto en M\u00e9xico como en los Estados Unidos.<\/p>\n\n\n\n<p>El director del Instituto de Migraci\u00f3n y Enlace Internacional inform\u00f3 que durante el proceso de registro de los interesados contaron con la participaci\u00f3n de padres de familia que inscribieron a sus hijos menores de edad.<\/p>\n\n\n\n<p>En coordinaci\u00f3n con el Consulado General de los Estados Unidos con sede en la ciudad de Monterrey, Nuevo Le\u00f3n, el IMEI hace las gestiones pertinentes siempre y cuando los interesados cumplan con los requisitos b\u00e1sicos que son presentar el acta original de nacimiento, as\u00ed como evidencias que expiden los hospitales en el vecino pa\u00eds del norte del nacimiento, adem\u00e1s de identificaciones oficiales de los padres.<\/p>\n\n\n\n<p>La pr\u00f3xima feria de pasaportes americanos ser\u00e1 en los primeros meses de 2025, en la cual participan \u00fanicamente aquellas personas que nacieron en los Estados Unidos y sus padres son potosinos.<\/p>\n","protected":false},"excerpt":{"rendered":"<p>En total, m\u00e1s de 60 personas podr\u00edan obtener este documento, el cual les dar\u00e1 el acceso a diversos programas sociales tanto en M\u00e9xico como en los Estados Unidos.<\/p>\n","protected":false},"author":4,"featured_media":30443,"comment_status":"closed","ping_status":"closed","sticky":false,"template":"","format":"standard","meta":{"_et_pb_use_builder":"off","_et_pb_old_content":"","_et_gb_content_width":"","footnotes":""},"categories":[280],"tags":[72,268,66],"class_list":["post-30442","post","type-post","status-publish","format-standard","has-post-thumbnail","hentry","category-gob-slp","tag-gobierno-del-estado","tag-imei","tag-san-luis-potosi"],"_links":{"self":[{"href":"https:\/\/gerardoduque.com.mx\/index.php?rest_route=\/wp\/v2\/posts\/30442","targetHints":{"allow":["GET"]}}],"collection":[{"href":"https:\/\/gerardoduque.com.mx\/index.php?rest_route=\/wp\/v2\/posts"}],"about":[{"href":"https:\/\/gerardoduque.com.mx\/index.php?rest_route=\/wp\/v2\/types\/post"}],"author":[{"embeddable":true,"href":"https:\/\/gerardoduque.com.mx\/index.php?rest_route=\/wp\/v2\/users\/4"}],"replies":[{"embeddable":true,"href":"https:\/\/gerardoduque.com.mx\/index.php?rest_route=%2Fwp%2Fv2%2Fcomments&post=30442"}],"version-history":[{"count":0,"href":"https:\/\/gerardoduque.com.mx\/index.php?rest_route=\/wp\/v2\/posts\/30442\/revisions"}],"wp:featuredmedia":[{"embeddable":true,"href":"https:\/\/gerardoduque.com.mx\/index.php?rest_route=\/wp\/v2\/media\/30443"}],"wp:attachment":[{"href":"https:\/\/gerardoduque.com.mx\/index.php?rest_route=%2Fwp%2Fv2%2Fmedia&parent=30442"}],"wp:term":[{"taxonomy":"category","embeddable":true,"href":"https:\/\/gerardoduque.com.mx\/index.php?rest_route=%2Fwp%2Fv2%2Fcategories&post=30442"},{"taxonomy":"post_tag","embeddable":true,"href":"https:\/\/gerardoduque.com.mx\/index.php?rest_route=%2Fwp%2Fv2%2Ftags&post=30442"}],"curies":[{"name":"wp","href":"https:\/\/api.w.org\/{rel}","templated":true}]}}