{"id":30414,"date":"2024-10-05T06:36:41","date_gmt":"2024-10-05T12:36:41","guid":{"rendered":"https:\/\/gerardoduque.com.mx\/?p=30414"},"modified":"2024-10-05T06:36:45","modified_gmt":"2024-10-05T12:36:45","slug":"definen-a-nuevo-director-del-hospital-central","status":"publish","type":"post","link":"https:\/\/gerardoduque.com.mx\/?p=30414","title":{"rendered":"DEFINEN A NUEVO DIRECTOR DEL HOSPITAL CENTRAL"},"content":{"rendered":"\n<p>La titular de la Secretar\u00eda de Salud y el coordinador estatal del IMSS-Bienestar en el Estado, formalizaron este 4 de octubre el nombramiento de Francisco Goldaracena Orozco, como nuevo director general del Hospital Central, a quien solicitaron trabajar para alcanzar el objetivo de brindar una atenci\u00f3n m\u00e9dica oportuna y de calidad para los potosinos.&nbsp;<\/p>\n\n\n\n<p>El coordinador del IMSS-Bienestar agradeci\u00f3 a Javier Pinedo el trabajo realizado al frente del hospital y mencion\u00f3 que la instituci\u00f3n federal estar\u00e1 trabajando de manera conjunta con el Estado para mantener los est\u00e1ndares de atenci\u00f3n m\u00e9dica en el nosocomio.<\/p>\n\n\n\n<p>Goldaracena Orozco asumi\u00f3 la direcci\u00f3n del Hospital Central, consciente de los retos que enfrenta y de la necesidad de lograr una transici\u00f3n ordenada hacia el esquema IMSS-Bienestar, teniendo como prioridad la atenci\u00f3n m\u00e9dica para la poblaci\u00f3n que no cuenta con seguridad social.<\/p>\n\n\n\n<p>Goldaracena Orozco es egresado de la Universidad Aut\u00f3noma de San Luis Potos\u00ed, donde es catedr\u00e1tico desde 2011, cuenta con maestr\u00eda en Administraci\u00f3n de Instituciones de Salud y diplomado en Gesti\u00f3n de Hospitales por la Universidad Intercontinental y especialidad en pediatr\u00eda y subespecialidad en endocrinolog\u00eda pedi\u00e1trica. Es miembro del Consejo Mexicano de Endocrinolog\u00eda en Pediatr\u00eda y de la Mesa Directiva del Colegio de Endocrinolog\u00eda de San Luis Potos\u00ed. Ha prestado sus servicios en el Hospital del Ni\u00f1o y La Mujer como director general, adem\u00e1s del Hospital Central, donde es m\u00e9dico adscrito de Endocrinolog\u00eda Pedi\u00e1trica.<\/p>\n","protected":false},"excerpt":{"rendered":"<p>El nuevo director, Francisco Goldaracena Orozco, se comprometi\u00f3 a mantener una transici\u00f3n ordenada hacia el esquema IMSS-Bienestar y garantizar un servicio de salud de calidad<\/p>\n","protected":false},"author":4,"featured_media":30415,"comment_status":"closed","ping_status":"closed","sticky":false,"template":"","format":"standard","meta":{"_et_pb_use_builder":"off","_et_pb_old_content":"","_et_gb_content_width":"","footnotes":""},"categories":[280],"tags":[72,491,66],"class_list":["post-30414","post","type-post","status-publish","format-standard","has-post-thumbnail","hentry","category-gob-slp","tag-gobierno-del-estado","tag-imss-bienestar","tag-san-luis-potosi"],"_links":{"self":[{"href":"https:\/\/gerardoduque.com.mx\/index.php?rest_route=\/wp\/v2\/posts\/30414","targetHints":{"allow":["GET"]}}],"collection":[{"href":"https:\/\/gerardoduque.com.mx\/index.php?rest_route=\/wp\/v2\/posts"}],"about":[{"href":"https:\/\/gerardoduque.com.mx\/index.php?rest_route=\/wp\/v2\/types\/post"}],"author":[{"embeddable":true,"href":"https:\/\/gerardoduque.com.mx\/index.php?rest_route=\/wp\/v2\/users\/4"}],"replies":[{"embeddable":true,"href":"https:\/\/gerardoduque.com.mx\/index.php?rest_route=%2Fwp%2Fv2%2Fcomments&post=30414"}],"version-history":[{"count":0,"href":"https:\/\/gerardoduque.com.mx\/index.php?rest_route=\/wp\/v2\/posts\/30414\/revisions"}],"wp:featuredmedia":[{"embeddable":true,"href":"https:\/\/gerardoduque.com.mx\/index.php?rest_route=\/wp\/v2\/media\/30415"}],"wp:attachment":[{"href":"https:\/\/gerardoduque.com.mx\/index.php?rest_route=%2Fwp%2Fv2%2Fmedia&parent=30414"}],"wp:term":[{"taxonomy":"category","embeddable":true,"href":"https:\/\/gerardoduque.com.mx\/index.php?rest_route=%2Fwp%2Fv2%2Fcategories&post=30414"},{"taxonomy":"post_tag","embeddable":true,"href":"https:\/\/gerardoduque.com.mx\/index.php?rest_route=%2Fwp%2Fv2%2Ftags&post=30414"}],"curies":[{"name":"wp","href":"https:\/\/api.w.org\/{rel}","templated":true}]}}