{"id":30397,"date":"2024-10-04T13:30:06","date_gmt":"2024-10-04T19:30:06","guid":{"rendered":"https:\/\/gerardoduque.com.mx\/?p=30397"},"modified":"2024-10-04T13:30:09","modified_gmt":"2024-10-04T19:30:09","slug":"realizan-expo-mujeres-en-beneficio-de-emprendedoras-potosinas","status":"publish","type":"post","link":"https:\/\/gerardoduque.com.mx\/?p=30397","title":{"rendered":"REALIZAN EXPO MUJERES EN BENEFICIO DE EMPRENDEDORAS POTOSINAS"},"content":{"rendered":"\n<p>Con la participaci\u00f3n de m\u00e1s de 40 emprendedoras y microempresarias, el Instituto de las Mujeres realiza la cuarta \u00abExpo Mujeres, Oficios y Arte\u00bb de este 2024, el jueves 3 y viernes 4 de octubre, para brindar m\u00e1s apoyo a las potosinas a fin de que alcancen su empoderamiento econ\u00f3mico.<\/p>\n\n\n\n<p>La titular del Imes, Gloria Serrato S\u00e1nchez, detall\u00f3 que el evento se desarrolla en la explanada del Jard\u00edn Col\u00f3n de las 11:00 a 19:00 horas, donde ofrecer\u00e1n sus productos como accesorios para el cabello, dulces t\u00edpicos, esculturas, libretas y libros infantiles decorados, alimentos, postres, plantas decorativas, caf\u00e9 fr\u00edo y caliente, artesan\u00edas en madera, joyer\u00eda artesanal, art\u00edculos de limpieza corporal, entre otros, con el prop\u00f3sito de fortalecer el bienestar y la autonom\u00eda econ\u00f3mica de las mujeres.<\/p>\n\n\n\n<p>Las mujeres emprendedoras y microempresarias interesadas en participar en las pr\u00f3ximas ediciones de la \u201cExpo Mujeres, Oficios y Arte\u201d pueden comunicarse al tel\u00e9fono 444 144 2920 ext. 272, de 8:00 a 15:00 horas o enviar un e-mail a imes.empoderamientoeconomico@outlook.es<\/p>\n","protected":false},"excerpt":{"rendered":"<p>Potosinas y microempresarias ofertaron sus art\u00edculos en la explanada del Jard\u00edn Col\u00f3n el 3 y 4 de octubre<\/p>\n","protected":false},"author":4,"featured_media":30398,"comment_status":"closed","ping_status":"closed","sticky":false,"template":"","format":"standard","meta":{"_et_pb_use_builder":"off","_et_pb_old_content":"","_et_gb_content_width":"","footnotes":""},"categories":[280],"tags":[72,70,66],"class_list":["post-30397","post","type-post","status-publish","format-standard","has-post-thumbnail","hentry","category-gob-slp","tag-gobierno-del-estado","tag-imes","tag-san-luis-potosi"],"_links":{"self":[{"href":"https:\/\/gerardoduque.com.mx\/index.php?rest_route=\/wp\/v2\/posts\/30397","targetHints":{"allow":["GET"]}}],"collection":[{"href":"https:\/\/gerardoduque.com.mx\/index.php?rest_route=\/wp\/v2\/posts"}],"about":[{"href":"https:\/\/gerardoduque.com.mx\/index.php?rest_route=\/wp\/v2\/types\/post"}],"author":[{"embeddable":true,"href":"https:\/\/gerardoduque.com.mx\/index.php?rest_route=\/wp\/v2\/users\/4"}],"replies":[{"embeddable":true,"href":"https:\/\/gerardoduque.com.mx\/index.php?rest_route=%2Fwp%2Fv2%2Fcomments&post=30397"}],"version-history":[{"count":0,"href":"https:\/\/gerardoduque.com.mx\/index.php?rest_route=\/wp\/v2\/posts\/30397\/revisions"}],"wp:featuredmedia":[{"embeddable":true,"href":"https:\/\/gerardoduque.com.mx\/index.php?rest_route=\/wp\/v2\/media\/30398"}],"wp:attachment":[{"href":"https:\/\/gerardoduque.com.mx\/index.php?rest_route=%2Fwp%2Fv2%2Fmedia&parent=30397"}],"wp:term":[{"taxonomy":"category","embeddable":true,"href":"https:\/\/gerardoduque.com.mx\/index.php?rest_route=%2Fwp%2Fv2%2Fcategories&post=30397"},{"taxonomy":"post_tag","embeddable":true,"href":"https:\/\/gerardoduque.com.mx\/index.php?rest_route=%2Fwp%2Fv2%2Ftags&post=30397"}],"curies":[{"name":"wp","href":"https:\/\/api.w.org\/{rel}","templated":true}]}}