{"id":30382,"date":"2024-10-04T09:25:32","date_gmt":"2024-10-04T15:25:32","guid":{"rendered":"https:\/\/gerardoduque.com.mx\/?p=30382"},"modified":"2024-10-04T09:25:35","modified_gmt":"2024-10-04T15:25:35","slug":"presentara-estado-programas-de-seguridad-para-municipios","status":"publish","type":"post","link":"https:\/\/gerardoduque.com.mx\/?p=30382","title":{"rendered":"PRESENTAR\u00c1 ESTADO PROGRAMAS DE SEGURIDAD PARA MUNICIPIOS"},"content":{"rendered":"\n<p>El Secretariado Ejecutivo del Consejo Estatal de Seguridad P\u00fablica y la Coordinaci\u00f3n Estatal para el Fortalecimiento Institucional de los Municipios realiza este 4 de octubre el programa virtual de capacitaci\u00f3n para autoridades municipales, sobre programas de seguridad y responsabilidades municipales a partir de la 9:30 de la ma\u00f1ana.<\/p>\n\n\n\n<p>La finalidad es contar con autoridades mejor capacitadas y acorde a la estrategia del Gobernador del Estado, Ricardo Gallardo Cardona en materia de seguridad y prevenci\u00f3n, la capacitaci\u00f3n ser\u00e1 sobre temas como los fondos: de Aportaciones para la Seguridad P\u00fablica (FASP); para el Fortalecimiento de las Instituciones de Seguridad P\u00fablica (FOFISP);&nbsp; de Aportaciones para el Fortalecimiento de los Municipios y de las Demarcaciones Territoriales del Distrito Federal (FORTAMUN); as\u00ed como los consejos municipales y comit\u00e9s de Participaci\u00f3n Ciudadana, entre otros.<\/p>\n\n\n\n<p>Se trata de un curso muy amplio que capacitar\u00e1 a m\u00e1s de mil elementos de las corporaciones policiacas municipales, para fortalecer las capacidades institucionales de los cuerpos de seguridad y mejorar este rubro en cada demarcaci\u00f3n y sus comunidades.<\/p>\n\n\n\n<p>Los interesados pueden inscribirse en: https:\/\/bit.ly\/3BrAMWz<\/p>\n","protected":false},"excerpt":{"rendered":"<p>Se llevar\u00e1 a cabo un curso en l\u00ednea dirigido a autoridades municipales este viernes 4 de octubre.<\/p>\n","protected":false},"author":4,"featured_media":29886,"comment_status":"closed","ping_status":"closed","sticky":false,"template":"","format":"standard","meta":{"_et_pb_use_builder":"off","_et_pb_old_content":"","_et_gb_content_width":"","footnotes":""},"categories":[280],"tags":[209,72,66,336],"class_list":["post-30382","post","type-post","status-publish","format-standard","has-post-thumbnail","hentry","category-gob-slp","tag-cefim","tag-gobierno-del-estado","tag-san-luis-potosi","tag-seceslp"],"_links":{"self":[{"href":"https:\/\/gerardoduque.com.mx\/index.php?rest_route=\/wp\/v2\/posts\/30382","targetHints":{"allow":["GET"]}}],"collection":[{"href":"https:\/\/gerardoduque.com.mx\/index.php?rest_route=\/wp\/v2\/posts"}],"about":[{"href":"https:\/\/gerardoduque.com.mx\/index.php?rest_route=\/wp\/v2\/types\/post"}],"author":[{"embeddable":true,"href":"https:\/\/gerardoduque.com.mx\/index.php?rest_route=\/wp\/v2\/users\/4"}],"replies":[{"embeddable":true,"href":"https:\/\/gerardoduque.com.mx\/index.php?rest_route=%2Fwp%2Fv2%2Fcomments&post=30382"}],"version-history":[{"count":0,"href":"https:\/\/gerardoduque.com.mx\/index.php?rest_route=\/wp\/v2\/posts\/30382\/revisions"}],"wp:featuredmedia":[{"embeddable":true,"href":"https:\/\/gerardoduque.com.mx\/index.php?rest_route=\/wp\/v2\/media\/29886"}],"wp:attachment":[{"href":"https:\/\/gerardoduque.com.mx\/index.php?rest_route=%2Fwp%2Fv2%2Fmedia&parent=30382"}],"wp:term":[{"taxonomy":"category","embeddable":true,"href":"https:\/\/gerardoduque.com.mx\/index.php?rest_route=%2Fwp%2Fv2%2Fcategories&post=30382"},{"taxonomy":"post_tag","embeddable":true,"href":"https:\/\/gerardoduque.com.mx\/index.php?rest_route=%2Fwp%2Fv2%2Ftags&post=30382"}],"curies":[{"name":"wp","href":"https:\/\/api.w.org\/{rel}","templated":true}]}}