{"id":30378,"date":"2024-10-03T12:46:17","date_gmt":"2024-10-03T18:46:17","guid":{"rendered":"https:\/\/gerardoduque.com.mx\/?p=30378"},"modified":"2024-10-03T12:46:20","modified_gmt":"2024-10-03T18:46:20","slug":"estado-proyecta-seguir-consolidando-a-tamasopo-como-punto-estrategico-turistico","status":"publish","type":"post","link":"https:\/\/gerardoduque.com.mx\/?p=30378","title":{"rendered":"ESTADO PROYECTA SEGUIR CONSOLIDANDO A TAMASOPO COMO PUNTO ESTRAT\u00c9GICO TUR\u00cdSTICO"},"content":{"rendered":"\n<p>Durante la toma de protesta del alcalde Mauricio Andrade Merchan para el periodo 2024-2025, el director del Instituto del Instituto de Migraci\u00f3n y Enlace Internacional asegur\u00f3 que Tamasopo continuar\u00e1 consolid\u00e1ndose como uno de los municipios del Estado m\u00e1s importantes para el turismo nacional e internacional.<\/p>\n\n\n\n<p>Destac\u00f3 que, con m\u00e1s apoyo del Gobierno del Estado se impulsar\u00e1n obras y acciones que mejoren la calidad de vida de las familias, principalmente de las que viven del turismo, adem\u00e1s con la suma de esfuerzos del ayuntamiento y los sectores desde el comercio, hoteler\u00eda, restaurantes y los diversos prestadores de servicios, San Luis Potos\u00ed seguir\u00e1 consolid\u00e1ndose como nuevo polo tur\u00edstico.<\/p>\n\n\n\n<p>En materia migratoria, dijo que el IMEI fortalecer\u00e1 el trabajo con el municipio para brindar atenci\u00f3n a los migrantes de origen, tr\u00e1nsito y destino en el Estado y para acercar los diferentes programas como Testamento Migrante, Ferias de Pasaportes, Pensi\u00f3n Seguro Social Americano, vinculaci\u00f3n laboral, tr\u00e1mites escolares, entre otros.<\/p>\n","protected":false},"excerpt":{"rendered":"<p>Se impulsar\u00e1n obras y acciones que mejoren la calidad de vida de las familias, principalmente de las que viven del turismo<\/p>\n","protected":false},"author":4,"featured_media":25899,"comment_status":"closed","ping_status":"closed","sticky":false,"template":"","format":"standard","meta":{"_et_pb_use_builder":"off","_et_pb_old_content":"","_et_gb_content_width":"","footnotes":""},"categories":[280],"tags":[72,268,66],"class_list":["post-30378","post","type-post","status-publish","format-standard","has-post-thumbnail","hentry","category-gob-slp","tag-gobierno-del-estado","tag-imei","tag-san-luis-potosi"],"_links":{"self":[{"href":"https:\/\/gerardoduque.com.mx\/index.php?rest_route=\/wp\/v2\/posts\/30378","targetHints":{"allow":["GET"]}}],"collection":[{"href":"https:\/\/gerardoduque.com.mx\/index.php?rest_route=\/wp\/v2\/posts"}],"about":[{"href":"https:\/\/gerardoduque.com.mx\/index.php?rest_route=\/wp\/v2\/types\/post"}],"author":[{"embeddable":true,"href":"https:\/\/gerardoduque.com.mx\/index.php?rest_route=\/wp\/v2\/users\/4"}],"replies":[{"embeddable":true,"href":"https:\/\/gerardoduque.com.mx\/index.php?rest_route=%2Fwp%2Fv2%2Fcomments&post=30378"}],"version-history":[{"count":0,"href":"https:\/\/gerardoduque.com.mx\/index.php?rest_route=\/wp\/v2\/posts\/30378\/revisions"}],"wp:featuredmedia":[{"embeddable":true,"href":"https:\/\/gerardoduque.com.mx\/index.php?rest_route=\/wp\/v2\/media\/25899"}],"wp:attachment":[{"href":"https:\/\/gerardoduque.com.mx\/index.php?rest_route=%2Fwp%2Fv2%2Fmedia&parent=30378"}],"wp:term":[{"taxonomy":"category","embeddable":true,"href":"https:\/\/gerardoduque.com.mx\/index.php?rest_route=%2Fwp%2Fv2%2Fcategories&post=30378"},{"taxonomy":"post_tag","embeddable":true,"href":"https:\/\/gerardoduque.com.mx\/index.php?rest_route=%2Fwp%2Fv2%2Ftags&post=30378"}],"curies":[{"name":"wp","href":"https:\/\/api.w.org\/{rel}","templated":true}]}}