{"id":30376,"date":"2024-10-03T12:41:54","date_gmt":"2024-10-03T18:41:54","guid":{"rendered":"https:\/\/gerardoduque.com.mx\/?p=30376"},"modified":"2024-10-03T12:41:57","modified_gmt":"2024-10-03T18:41:57","slug":"estado-reafirma-apoyo-a-pueblos-magicos-de-la-huasteca","status":"publish","type":"post","link":"https:\/\/gerardoduque.com.mx\/?p=30376","title":{"rendered":"ESTADO REAFIRMA APOYO A PUEBLOS M\u00c1GICOS DE LA HUASTECA"},"content":{"rendered":"\n<p>El director de la Junta Estatal de Caminos asisti\u00f3 a la toma de protesta de los presidentes municipales de Aquism\u00f3n y Xilitla para el periodo 2024-2027, donde reafirm\u00f3 el apoyo del Gobierno del Estado a los proyectos para que estos sitios de gran relevancia tur\u00edstica tengan mayor desarrollo econ\u00f3mico y social.<\/p>\n\n\n\n<p>Los presidentes municipales Cuauht\u00e9moc Balderas Y\u00e1\u00f1ez de Aquism\u00f3n y \u00d3scar Humberto M\u00e1rquez Plascencia de Xilitla, agradecieron enf\u00e1ticamente el gran apoyo que les ha brindado el gobierno estatal y se comprometieron a seguir trabajando conjuntamente con el Poder Ejecutivo para mayores beneficios, orientados a que los habitantes de estas regiones, cuenten con mejor calidad de vida.<\/p>\n","protected":false},"excerpt":{"rendered":"<p>En la toma de protesta de los alcaldes de Aquism\u00f3n y Xilitla, el Ejecutivo Estatal reafirm\u00f3 el apoyo a las iniciativas para el desarrollo econ\u00f3mico y social de las cuatro regiones <\/p>\n","protected":false},"author":4,"featured_media":15510,"comment_status":"closed","ping_status":"closed","sticky":false,"template":"","format":"standard","meta":{"_et_pb_use_builder":"off","_et_pb_old_content":"","_et_gb_content_width":"","footnotes":""},"categories":[280],"tags":[],"class_list":["post-30376","post","type-post","status-publish","format-standard","has-post-thumbnail","hentry","category-gob-slp"],"_links":{"self":[{"href":"https:\/\/gerardoduque.com.mx\/index.php?rest_route=\/wp\/v2\/posts\/30376","targetHints":{"allow":["GET"]}}],"collection":[{"href":"https:\/\/gerardoduque.com.mx\/index.php?rest_route=\/wp\/v2\/posts"}],"about":[{"href":"https:\/\/gerardoduque.com.mx\/index.php?rest_route=\/wp\/v2\/types\/post"}],"author":[{"embeddable":true,"href":"https:\/\/gerardoduque.com.mx\/index.php?rest_route=\/wp\/v2\/users\/4"}],"replies":[{"embeddable":true,"href":"https:\/\/gerardoduque.com.mx\/index.php?rest_route=%2Fwp%2Fv2%2Fcomments&post=30376"}],"version-history":[{"count":0,"href":"https:\/\/gerardoduque.com.mx\/index.php?rest_route=\/wp\/v2\/posts\/30376\/revisions"}],"wp:featuredmedia":[{"embeddable":true,"href":"https:\/\/gerardoduque.com.mx\/index.php?rest_route=\/wp\/v2\/media\/15510"}],"wp:attachment":[{"href":"https:\/\/gerardoduque.com.mx\/index.php?rest_route=%2Fwp%2Fv2%2Fmedia&parent=30376"}],"wp:term":[{"taxonomy":"category","embeddable":true,"href":"https:\/\/gerardoduque.com.mx\/index.php?rest_route=%2Fwp%2Fv2%2Fcategories&post=30376"},{"taxonomy":"post_tag","embeddable":true,"href":"https:\/\/gerardoduque.com.mx\/index.php?rest_route=%2Fwp%2Fv2%2Ftags&post=30376"}],"curies":[{"name":"wp","href":"https:\/\/api.w.org\/{rel}","templated":true}]}}