{"id":30367,"date":"2024-10-03T07:28:51","date_gmt":"2024-10-03T13:28:51","guid":{"rendered":"https:\/\/gerardoduque.com.mx\/?p=30367"},"modified":"2024-10-03T07:28:53","modified_gmt":"2024-10-03T13:28:53","slug":"inicia-construccion-del-proyecto-territorio-atleti-potosi","status":"publish","type":"post","link":"https:\/\/gerardoduque.com.mx\/?p=30367","title":{"rendered":"INICIA CONSTRUCCI\u00d3N DEL PROYECTO TERRITORIO ATLETI POTOS\u00cd"},"content":{"rendered":"\n<p>El Gobernador Ricardo Gallardo Cardona, acudi\u00f3 al arranque de la construcci\u00f3n del Territorio Atleti Potos\u00ed, para el cual se destina una inversi\u00f3n por parte del Club Atl\u00e9tico de Madrid, por 20 millones de d\u00f3lares, en una superficie de 11.8 hect\u00e1reas y un proyecto que consta de un edificio administrativo, uno deportivo, una casa club, un mini estadio, cuatro canchas de entrenamiento y una m\u00e1s para la comunidad.<\/p>\n\n\n\n<p>Acompa\u00f1ado de los socios mayoritarios, Miguel \u00c1ngel Gil Mar\u00edn, consejero delegado y accionista mayoritario del Club Atl\u00e9tico de Madrid y Jacobo Pay\u00e1n Espinosa, presidente del Club Atl\u00e9tico de San Luis, el Gobernador agradeci\u00f3 el voto de confianza hacia los potosinos, para el proyecto de la ciudad deportiva ubicada en Soledad de Graciano S\u00e1nchez, primera inversi\u00f3n en infraestructura fuera de Espa\u00f1a, con la que se proyecta consolidar ambos equipos, el varonil y el femenil en la Liga MX.<\/p>\n\n\n\n<p>De acuerdo con el mandatario estatal, San Luis Potos\u00ed ser\u00e1 un referente mundial en el deporte debido a estas nuevas instalaciones que lo convertir\u00e1n en un semillero local de talentos de f\u00fatbol y desarrollo de fuerzas b\u00e1sicas, con un centro de formaci\u00f3n profesional, y en el cumplimiento de los sue\u00f1os de miles de ni\u00f1os y ni\u00f1as que saldr\u00e1n a todo el mundo a practicar el mejor f\u00fatbol, adem\u00e1s de abonar a la consolidaci\u00f3n de los dos equipos potosinos profesionales, que brindan un espect\u00e1culo para la sana convivencia familiar.<\/p>\n\n\n\n<p>Entre los principales asistentes estuvieron Juan Carlos Rodr\u00edguez Bas, comisionado presidente de la Federaci\u00f3n Mexicana de F\u00fatbol (FMF), Ivar Sisniega Campbell, presidente Ejecutivo de la FMF, Mikel Arriola Pe\u00f1alosa, presidente ejecutivo de la Liga BBVA MX, Mariana Guti\u00e9rrez Bern\u00e1rdez presidenta de la Liga MX Femenil, adem\u00e1s de algunos representantes de patrocinadores.<\/p>\n","protected":false},"excerpt":{"rendered":"<p>La ciudad deportiva representa una inversi\u00f3n de 20 millones de d\u00f3lares, primera inversi\u00f3n fuera de Espa\u00f1a, que consolidar\u00e1 los equipos varonil y femenil.<\/p>\n","protected":false},"author":4,"featured_media":30368,"comment_status":"closed","ping_status":"closed","sticky":false,"template":"","format":"standard","meta":{"_et_pb_use_builder":"off","_et_pb_old_content":"","_et_gb_content_width":"","footnotes":""},"categories":[280],"tags":[72,66],"class_list":["post-30367","post","type-post","status-publish","format-standard","has-post-thumbnail","hentry","category-gob-slp","tag-gobierno-del-estado","tag-san-luis-potosi"],"_links":{"self":[{"href":"https:\/\/gerardoduque.com.mx\/index.php?rest_route=\/wp\/v2\/posts\/30367","targetHints":{"allow":["GET"]}}],"collection":[{"href":"https:\/\/gerardoduque.com.mx\/index.php?rest_route=\/wp\/v2\/posts"}],"about":[{"href":"https:\/\/gerardoduque.com.mx\/index.php?rest_route=\/wp\/v2\/types\/post"}],"author":[{"embeddable":true,"href":"https:\/\/gerardoduque.com.mx\/index.php?rest_route=\/wp\/v2\/users\/4"}],"replies":[{"embeddable":true,"href":"https:\/\/gerardoduque.com.mx\/index.php?rest_route=%2Fwp%2Fv2%2Fcomments&post=30367"}],"version-history":[{"count":0,"href":"https:\/\/gerardoduque.com.mx\/index.php?rest_route=\/wp\/v2\/posts\/30367\/revisions"}],"wp:featuredmedia":[{"embeddable":true,"href":"https:\/\/gerardoduque.com.mx\/index.php?rest_route=\/wp\/v2\/media\/30368"}],"wp:attachment":[{"href":"https:\/\/gerardoduque.com.mx\/index.php?rest_route=%2Fwp%2Fv2%2Fmedia&parent=30367"}],"wp:term":[{"taxonomy":"category","embeddable":true,"href":"https:\/\/gerardoduque.com.mx\/index.php?rest_route=%2Fwp%2Fv2%2Fcategories&post=30367"},{"taxonomy":"post_tag","embeddable":true,"href":"https:\/\/gerardoduque.com.mx\/index.php?rest_route=%2Fwp%2Fv2%2Ftags&post=30367"}],"curies":[{"name":"wp","href":"https:\/\/api.w.org\/{rel}","templated":true}]}}