{"id":30361,"date":"2024-10-02T13:43:29","date_gmt":"2024-10-02T19:43:29","guid":{"rendered":"https:\/\/gerardoduque.com.mx\/?p=30361"},"modified":"2024-10-02T13:43:33","modified_gmt":"2024-10-02T19:43:33","slug":"realizan-limpieza-de-areas-verdes-en-colonias-de-slp","status":"publish","type":"post","link":"https:\/\/gerardoduque.com.mx\/?p=30361","title":{"rendered":"REALIZAN LIMPIEZA DE \u00c1REAS VERDES EN COLONIAS DE SLP"},"content":{"rendered":"\n<p>El Instituto Potosino de la Juventud realiz\u00f3 la rehabilitaci\u00f3n de \u00e1reas verdes en la colonia La Libertad, para mejorar los espacios p\u00fablicos, brindar m\u00e1s apoyo y fomentar la convivencia entre los habitantes de la zona.<\/p>\n\n\n\n<p>En palabras de la titular del Instituto Potosino de la Juventud, estas actividades fomentan la conciencia ambiental entre los j\u00f3venes, generando un impacto positivo en la sociedad, trav\u00e9s de la rehabilitaci\u00f3n de \u00e1reas verdes como en la colonia La Libertad.<\/p>\n\n\n\n<p>Este espacio ofrece a la juventud un lugar donde puedan convivir, realizar actividades recreativas y al mismo tiempo aprender sobre la importancia de cuidar el medio ambiente, promoviendo el bienestar de la juventud y el desarrollo de entornos saludables.<\/p>\n\n\n\n<p>Se resalt\u00f3 que la rehabilitaci\u00f3n de \u00e1reas verdes no solo mejora el entorno de nuestras colonias, sino que tambi\u00e9n promueve la conciencia ambiental y la participaci\u00f3n activa de los j\u00f3venes en el cuidado de su comunidad, adem\u00e1s de que es fundamental que las juventudes se involucren en la protecci\u00f3n de su entorno.<\/p>\n","protected":false},"excerpt":{"rendered":"<p>Realizan acciones de rehabilitaci\u00f3n en la colonia La Libertad, involucrando a los j\u00f3venes para el cuidado del medio ambiente.<\/p>\n","protected":false},"author":4,"featured_media":30362,"comment_status":"closed","ping_status":"closed","sticky":false,"template":"","format":"standard","meta":{"_et_pb_use_builder":"off","_et_pb_old_content":"","_et_gb_content_width":"","footnotes":""},"categories":[280],"tags":[72,335,66],"class_list":["post-30361","post","type-post","status-publish","format-standard","has-post-thumbnail","hentry","category-gob-slp","tag-gobierno-del-estado","tag-inpojuve","tag-san-luis-potosi"],"_links":{"self":[{"href":"https:\/\/gerardoduque.com.mx\/index.php?rest_route=\/wp\/v2\/posts\/30361","targetHints":{"allow":["GET"]}}],"collection":[{"href":"https:\/\/gerardoduque.com.mx\/index.php?rest_route=\/wp\/v2\/posts"}],"about":[{"href":"https:\/\/gerardoduque.com.mx\/index.php?rest_route=\/wp\/v2\/types\/post"}],"author":[{"embeddable":true,"href":"https:\/\/gerardoduque.com.mx\/index.php?rest_route=\/wp\/v2\/users\/4"}],"replies":[{"embeddable":true,"href":"https:\/\/gerardoduque.com.mx\/index.php?rest_route=%2Fwp%2Fv2%2Fcomments&post=30361"}],"version-history":[{"count":0,"href":"https:\/\/gerardoduque.com.mx\/index.php?rest_route=\/wp\/v2\/posts\/30361\/revisions"}],"wp:featuredmedia":[{"embeddable":true,"href":"https:\/\/gerardoduque.com.mx\/index.php?rest_route=\/wp\/v2\/media\/30362"}],"wp:attachment":[{"href":"https:\/\/gerardoduque.com.mx\/index.php?rest_route=%2Fwp%2Fv2%2Fmedia&parent=30361"}],"wp:term":[{"taxonomy":"category","embeddable":true,"href":"https:\/\/gerardoduque.com.mx\/index.php?rest_route=%2Fwp%2Fv2%2Fcategories&post=30361"},{"taxonomy":"post_tag","embeddable":true,"href":"https:\/\/gerardoduque.com.mx\/index.php?rest_route=%2Fwp%2Fv2%2Ftags&post=30361"}],"curies":[{"name":"wp","href":"https:\/\/api.w.org\/{rel}","templated":true}]}}