{"id":30351,"date":"2024-10-02T07:19:40","date_gmt":"2024-10-02T13:19:40","guid":{"rendered":"https:\/\/gerardoduque.com.mx\/?p=30351"},"modified":"2024-10-02T07:19:43","modified_gmt":"2024-10-02T13:19:43","slug":"designan-nueva-secretaria-de-finanzas","status":"publish","type":"post","link":"https:\/\/gerardoduque.com.mx\/?p=30351","title":{"rendered":"DESIGNAN NUEVA SECRETARIA DE FINANZAS"},"content":{"rendered":"\n<p>El Gobernador de San Luis Potos\u00ed Ricardo Gallardo Cardona, nombr\u00f3 a Ariana Garc\u00eda Vidal como titular de la Secretar\u00eda de Finanzas, en b\u00fasqueda de que dicha designaci\u00f3n fortalezca el trabajo permanente de mejorar la atenci\u00f3n y el servicio.<\/p>\n\n\n\n<p>En sus redes sociales, el Mandatario Estatal felicit\u00f3 a la nueva funcionaria y la llamo a seguir trabajando para llevar m\u00e1s apoyo a cada rinc\u00f3n de San Luis Potos\u00ed.<\/p>\n\n\n\n<p>Ariana Garc\u00eda Vidal agradeci\u00f3 al Gobernador la confianza por el nuevo nombramiento: \u201cAsumo esta honrosa responsabilidad con el compromiso de corresponder a la confianza que me brinda el Gobernador Ricardo Gallardo Cardona, para consolidar finanzas sanas que permitan llevar m\u00e1s apoyo a los potosinos.<\/p>\n\n\n\n<p>La titular de la Sefin atiende desde este momento las responsabilidades de la dependencia y deja el cargo que desempe\u00f1aba desde el inicio de la administraci\u00f3n en la Direcci\u00f3n Administrativa de la Secretar\u00eda de Educaci\u00f3n del Gobierno del Estado.<\/p>\n","protected":false},"excerpt":{"rendered":"<p>Ariana Garc\u00eda Vidal atiende ahora las responsabilidades de la dependencia.<\/p>\n","protected":false},"author":4,"featured_media":30352,"comment_status":"closed","ping_status":"closed","sticky":false,"template":"","format":"standard","meta":{"_et_pb_use_builder":"off","_et_pb_old_content":"","_et_gb_content_width":"","footnotes":""},"categories":[280],"tags":[72,66,132],"class_list":["post-30351","post","type-post","status-publish","format-standard","has-post-thumbnail","hentry","category-gob-slp","tag-gobierno-del-estado","tag-san-luis-potosi","tag-sefin"],"_links":{"self":[{"href":"https:\/\/gerardoduque.com.mx\/index.php?rest_route=\/wp\/v2\/posts\/30351","targetHints":{"allow":["GET"]}}],"collection":[{"href":"https:\/\/gerardoduque.com.mx\/index.php?rest_route=\/wp\/v2\/posts"}],"about":[{"href":"https:\/\/gerardoduque.com.mx\/index.php?rest_route=\/wp\/v2\/types\/post"}],"author":[{"embeddable":true,"href":"https:\/\/gerardoduque.com.mx\/index.php?rest_route=\/wp\/v2\/users\/4"}],"replies":[{"embeddable":true,"href":"https:\/\/gerardoduque.com.mx\/index.php?rest_route=%2Fwp%2Fv2%2Fcomments&post=30351"}],"version-history":[{"count":0,"href":"https:\/\/gerardoduque.com.mx\/index.php?rest_route=\/wp\/v2\/posts\/30351\/revisions"}],"wp:featuredmedia":[{"embeddable":true,"href":"https:\/\/gerardoduque.com.mx\/index.php?rest_route=\/wp\/v2\/media\/30352"}],"wp:attachment":[{"href":"https:\/\/gerardoduque.com.mx\/index.php?rest_route=%2Fwp%2Fv2%2Fmedia&parent=30351"}],"wp:term":[{"taxonomy":"category","embeddable":true,"href":"https:\/\/gerardoduque.com.mx\/index.php?rest_route=%2Fwp%2Fv2%2Fcategories&post=30351"},{"taxonomy":"post_tag","embeddable":true,"href":"https:\/\/gerardoduque.com.mx\/index.php?rest_route=%2Fwp%2Fv2%2Ftags&post=30351"}],"curies":[{"name":"wp","href":"https:\/\/api.w.org\/{rel}","templated":true}]}}