{"id":30344,"date":"2024-10-01T08:36:21","date_gmt":"2024-10-01T14:36:21","guid":{"rendered":"https:\/\/gerardoduque.com.mx\/?p=30344"},"modified":"2024-10-01T08:36:24","modified_gmt":"2024-10-01T14:36:24","slug":"definen-como-area-de-conservacion-al-manantial-los-peroles-en-la-region-media","status":"publish","type":"post","link":"https:\/\/gerardoduque.com.mx\/?p=30344","title":{"rendered":"DEFINEN COMO \u00c1REA DE CONSERVACI\u00d3N AL MANANTIAL LOS PEROLES EN LA REGI\u00d3N MEDIA"},"content":{"rendered":"\n<p>El manantial Los Peroles, en el ejido San Francisco, en Rioverde, qued\u00f3 registrado como nueva \u00c1rea Destinada Voluntariamente a la Conservaci\u00f3n por acta de asamblea ejidal, y notificado ante el Registro Agrario Nacional y la Secretar\u00eda de Desarrollo Agropecuario y Recursos Hidr\u00e1ulicos, esto en b\u00fasqueda de generar acciones de preservaci\u00f3n en la zona.&nbsp;<\/p>\n\n\n\n<p>Las autoridades ejidales entregaron el acta de asamblea a personal del RAN y a la titular de la Sedarh, Marcela Quevedo Pati\u00f1o, donde notifican la decisi\u00f3n de preservar 17.17 hect\u00e1reas de pozas, veneros y praderas, por su riqueza vegetal y de peces end\u00e9micos.<\/p>\n\n\n\n<p>Los estudios de la Direcci\u00f3n Forestal y Vida Silvestre de la Sedarh, establecen que ese terreno de suelos calciyesiforos contienen un caudal de entre 500 y 800 litros por segundo, que alberga m\u00e1s de 20 especies end\u00e9micas de peces y el singular \u00e1rbol \u00abMaximina\u00bb y otros de la especie Taxodium Macronatum de entre 160 y mil 175 a\u00f1os de vida, que merecen protecci\u00f3n y cuidado, para su preservaci\u00f3n.&nbsp;<\/p>\n","protected":false},"excerpt":{"rendered":"<p>Notifican la decisi\u00f3n de preservar 17.17 hect\u00e1reas de pozas, veneros y praderas, por su riqueza vegetal y de peces end\u00e9micos.<\/p>\n","protected":false},"author":4,"featured_media":30345,"comment_status":"closed","ping_status":"closed","sticky":false,"template":"","format":"standard","meta":{"_et_pb_use_builder":"off","_et_pb_old_content":"","_et_gb_content_width":"","footnotes":""},"categories":[412,280],"tags":[72,66,234],"class_list":["post-30344","post","type-post","status-publish","format-standard","has-post-thumbnail","hentry","category-destacado","category-gob-slp","tag-gobierno-del-estado","tag-san-luis-potosi","tag-sedarh"],"_links":{"self":[{"href":"https:\/\/gerardoduque.com.mx\/index.php?rest_route=\/wp\/v2\/posts\/30344","targetHints":{"allow":["GET"]}}],"collection":[{"href":"https:\/\/gerardoduque.com.mx\/index.php?rest_route=\/wp\/v2\/posts"}],"about":[{"href":"https:\/\/gerardoduque.com.mx\/index.php?rest_route=\/wp\/v2\/types\/post"}],"author":[{"embeddable":true,"href":"https:\/\/gerardoduque.com.mx\/index.php?rest_route=\/wp\/v2\/users\/4"}],"replies":[{"embeddable":true,"href":"https:\/\/gerardoduque.com.mx\/index.php?rest_route=%2Fwp%2Fv2%2Fcomments&post=30344"}],"version-history":[{"count":0,"href":"https:\/\/gerardoduque.com.mx\/index.php?rest_route=\/wp\/v2\/posts\/30344\/revisions"}],"wp:featuredmedia":[{"embeddable":true,"href":"https:\/\/gerardoduque.com.mx\/index.php?rest_route=\/wp\/v2\/media\/30345"}],"wp:attachment":[{"href":"https:\/\/gerardoduque.com.mx\/index.php?rest_route=%2Fwp%2Fv2%2Fmedia&parent=30344"}],"wp:term":[{"taxonomy":"category","embeddable":true,"href":"https:\/\/gerardoduque.com.mx\/index.php?rest_route=%2Fwp%2Fv2%2Fcategories&post=30344"},{"taxonomy":"post_tag","embeddable":true,"href":"https:\/\/gerardoduque.com.mx\/index.php?rest_route=%2Fwp%2Fv2%2Ftags&post=30344"}],"curies":[{"name":"wp","href":"https:\/\/api.w.org\/{rel}","templated":true}]}}