{"id":30332,"date":"2024-10-01T08:08:54","date_gmt":"2024-10-01T14:08:54","guid":{"rendered":"https:\/\/gerardoduque.com.mx\/?p=30332"},"modified":"2024-10-01T08:08:57","modified_gmt":"2024-10-01T14:08:57","slug":"inician-mantenimiento-de-fachadas-en-san-ciro-de-acosta","status":"publish","type":"post","link":"https:\/\/gerardoduque.com.mx\/?p=30332","title":{"rendered":"INICIAN MANTENIMIENTO DE FACHADAS EN SAN CIRO DE ACOSTA"},"content":{"rendered":"\n<p>En alineaci\u00f3n a la aspiraci\u00f3n de San Ciro de Acosta para obtener el nombramiento de Pueblo M\u00e1gico y como parte del impulso del Gobierno del Estado a los atractivos tur\u00edsticos de las cuatro regiones, la Secretar\u00eda de Turismo y el ayuntamiento, arrancaron el programa \u201cRutas M\u00e1gicas del Color\u201d que atender\u00e1 con una inversi\u00f3n bipartita superior a los 600 mil pesos, m\u00e1s de 10 mil metros cuadrados de fachadas del primer cuadro de la cabecera municipal.<\/p>\n\n\n\n<p>Estas acciones ser\u00e1n integradas al expediente que respalda la candidatura, y buscan resaltar la belleza arquitect\u00f3nica y cultural del municipio, as\u00ed como mejorar su infraestructura tur\u00edstica, contribuyendo al desarrollo econ\u00f3mico de la regi\u00f3n. La dependencia continuar\u00e1 trabajando con los ayuntamientos para impulsar una agenda de trabajo enfocada en la vocaci\u00f3n tur\u00edstica de los municipios.<\/p>\n\n\n\n<p>Con esta iniciativa, San Ciro de Acosta busca consolidarse como un referente de desarrollo tur\u00edstico en la regi\u00f3n Media, aline\u00e1ndose a los esfuerzos estatales por promover destinos \u00fanicos y llenos de encanto en San Luis Potos\u00ed.<\/p>\n","protected":false},"excerpt":{"rendered":"<p>Con una inversi\u00f3n bipartita, la Secretar\u00eda de Turismo y el ayuntamiento atender\u00e1n 10 mil metros cuadrados de fachadas del primer cuadro de la cabecera municipal<\/p>\n","protected":false},"author":4,"featured_media":30333,"comment_status":"closed","ping_status":"closed","sticky":false,"template":"","format":"standard","meta":{"_et_pb_use_builder":"off","_et_pb_old_content":"","_et_gb_content_width":"","footnotes":""},"categories":[280],"tags":[72,66,316],"class_list":["post-30332","post","type-post","status-publish","format-standard","has-post-thumbnail","hentry","category-gob-slp","tag-gobierno-del-estado","tag-san-luis-potosi","tag-sectur"],"_links":{"self":[{"href":"https:\/\/gerardoduque.com.mx\/index.php?rest_route=\/wp\/v2\/posts\/30332","targetHints":{"allow":["GET"]}}],"collection":[{"href":"https:\/\/gerardoduque.com.mx\/index.php?rest_route=\/wp\/v2\/posts"}],"about":[{"href":"https:\/\/gerardoduque.com.mx\/index.php?rest_route=\/wp\/v2\/types\/post"}],"author":[{"embeddable":true,"href":"https:\/\/gerardoduque.com.mx\/index.php?rest_route=\/wp\/v2\/users\/4"}],"replies":[{"embeddable":true,"href":"https:\/\/gerardoduque.com.mx\/index.php?rest_route=%2Fwp%2Fv2%2Fcomments&post=30332"}],"version-history":[{"count":0,"href":"https:\/\/gerardoduque.com.mx\/index.php?rest_route=\/wp\/v2\/posts\/30332\/revisions"}],"wp:featuredmedia":[{"embeddable":true,"href":"https:\/\/gerardoduque.com.mx\/index.php?rest_route=\/wp\/v2\/media\/30333"}],"wp:attachment":[{"href":"https:\/\/gerardoduque.com.mx\/index.php?rest_route=%2Fwp%2Fv2%2Fmedia&parent=30332"}],"wp:term":[{"taxonomy":"category","embeddable":true,"href":"https:\/\/gerardoduque.com.mx\/index.php?rest_route=%2Fwp%2Fv2%2Fcategories&post=30332"},{"taxonomy":"post_tag","embeddable":true,"href":"https:\/\/gerardoduque.com.mx\/index.php?rest_route=%2Fwp%2Fv2%2Ftags&post=30332"}],"curies":[{"name":"wp","href":"https:\/\/api.w.org\/{rel}","templated":true}]}}