{"id":30329,"date":"2024-10-01T08:05:23","date_gmt":"2024-10-01T14:05:23","guid":{"rendered":"https:\/\/gerardoduque.com.mx\/?p=30329"},"modified":"2024-10-01T08:05:26","modified_gmt":"2024-10-01T14:05:26","slug":"aprueban-ocho-nuevos-peritos-para-ejercer-en-slp","status":"publish","type":"post","link":"https:\/\/gerardoduque.com.mx\/?p=30329","title":{"rendered":"APRUEBAN OCHO NUEVOS PERITOS PARA EJERCER EN SLP"},"content":{"rendered":"\n<p>En sesi\u00f3n ordinaria, la Comisi\u00f3n del Registro Estatal de Peritos, que incluye a la Direcci\u00f3n de Gobernaci\u00f3n, aprob\u00f3 ocho nuevos especialistas que podr\u00e1n ejercer como peritos en el Estado en las \u00e1reas de topograf\u00eda, bienes inmuebles, psicolog\u00eda forense, psicolog\u00eda jur\u00eddica, as\u00ed como grafoscop\u00eda, documentoscop\u00eda y dactiloscopia.&nbsp;<\/p>\n\n\n\n<p>Despu\u00e9s de un minucioso an\u00e1lisis de cada uno de los perfiles y solicitudes de los postulantes, incluyendo estudios, experiencia y probidad moral, fueron aprobados por las subcomisiones correspondientes y, posteriormente, en sesi\u00f3n ordinaria, por el pleno de la Comisi\u00f3n.<\/p>\n\n\n\n<p>Con estas acciones, la dependencia buscar\u00e1 fortalecer la estructura de legalidad en la entidad, tanto en juicios como en actos administrativos, a trav\u00e9s de la dictaminaci\u00f3n legal hecha por especialistas reconocidos por los colegios de profesionistas en el ramo y con estos ocho especialistas, el actual padr\u00f3n de peritos en el Estado es de 500 personas en total.<\/p>\n","protected":false},"excerpt":{"rendered":"<p>La Comisi\u00f3n del Registro Estatal de Peritos, aprob\u00f3 ocho nuevos especialistas que podr\u00e1n ejercer como peritos en el Estado en diferentes \u00e1reas<\/p>\n","protected":false},"author":4,"featured_media":30330,"comment_status":"closed","ping_status":"closed","sticky":false,"template":"","format":"standard","meta":{"_et_pb_use_builder":"off","_et_pb_old_content":"","_et_gb_content_width":"","footnotes":""},"categories":[280],"tags":[72,66,394],"class_list":["post-30329","post","type-post","status-publish","format-standard","has-post-thumbnail","hentry","category-gob-slp","tag-gobierno-del-estado","tag-san-luis-potosi","tag-sgg"],"_links":{"self":[{"href":"https:\/\/gerardoduque.com.mx\/index.php?rest_route=\/wp\/v2\/posts\/30329","targetHints":{"allow":["GET"]}}],"collection":[{"href":"https:\/\/gerardoduque.com.mx\/index.php?rest_route=\/wp\/v2\/posts"}],"about":[{"href":"https:\/\/gerardoduque.com.mx\/index.php?rest_route=\/wp\/v2\/types\/post"}],"author":[{"embeddable":true,"href":"https:\/\/gerardoduque.com.mx\/index.php?rest_route=\/wp\/v2\/users\/4"}],"replies":[{"embeddable":true,"href":"https:\/\/gerardoduque.com.mx\/index.php?rest_route=%2Fwp%2Fv2%2Fcomments&post=30329"}],"version-history":[{"count":0,"href":"https:\/\/gerardoduque.com.mx\/index.php?rest_route=\/wp\/v2\/posts\/30329\/revisions"}],"wp:featuredmedia":[{"embeddable":true,"href":"https:\/\/gerardoduque.com.mx\/index.php?rest_route=\/wp\/v2\/media\/30330"}],"wp:attachment":[{"href":"https:\/\/gerardoduque.com.mx\/index.php?rest_route=%2Fwp%2Fv2%2Fmedia&parent=30329"}],"wp:term":[{"taxonomy":"category","embeddable":true,"href":"https:\/\/gerardoduque.com.mx\/index.php?rest_route=%2Fwp%2Fv2%2Fcategories&post=30329"},{"taxonomy":"post_tag","embeddable":true,"href":"https:\/\/gerardoduque.com.mx\/index.php?rest_route=%2Fwp%2Fv2%2Ftags&post=30329"}],"curies":[{"name":"wp","href":"https:\/\/api.w.org\/{rel}","templated":true}]}}