{"id":30311,"date":"2024-09-18T04:03:00","date_gmt":"2024-09-18T10:03:00","guid":{"rendered":"https:\/\/gerardoduque.com.mx\/?p=30311"},"modified":"2024-09-30T16:05:17","modified_gmt":"2024-09-30T22:05:17","slug":"federacion-reconoce-a-municipios-potosinos-con-apoyo-del-estado","status":"publish","type":"post","link":"https:\/\/gerardoduque.com.mx\/?p=30311","title":{"rendered":"FEDERACI\u00d3N RECONOCE A MUNICIPIOS POTOSINOS CON APOYO DEL ESTADO"},"content":{"rendered":"\n<p>Tras la evaluaci\u00f3n a 40 municipios potosinos, el Instituto Nacional para el Federalismo y el Desarrollo Municipal (Inafed) y con el respaldo de la Coordinaci\u00f3n Estatal para el Fortalecimiento Institucional de los Municipios (CEFIM), reconoci\u00f3 a Rioverde y Tamazunchale, por las Buenas Pr\u00e1cticas de la Gu\u00eda Consultiva de Desempe\u00f1o, lo que impulsa m\u00e1s apoyo a las y los potosinos, con mejores servicios y funcionarios preparados.<\/p>\n\n\n\n<p>El titular de la CEFIM, Julio C\u00e9sar Pati\u00f1o Morales, destac\u00f3 que este resultado, permite alinear la estrategia del Gobernador Ricardo Gallardo Cardona, de mejorar permanentemente la atenci\u00f3n y el servicio que brinda a las y los potosinos, en el caso de Rioverde y Tamazunchale, al lograr acreditar con \u00e9xito los 115 indicadores del programa, tras brindar asesor\u00eda y ayuda a todos los municipios.<\/p>\n\n\n\n<p>Resalt\u00f3 que la dependencia promueve mejores oportunidades a los municipios de las cuatro regiones y destac\u00f3 que al cierre de las administraciones municipales, el Gobierno del Estado continuar\u00e1 las evaluaciones de las buenas pr\u00e1cticas y el buen desempe\u00f1o de los gobiernos locales.<\/p>\n\n\n\n<p>En la Ciudad de M\u00e9xico el alcalde de Rioverde, Arnulfo Urbiola Rom\u00e1n, y el director de Planeaci\u00f3n de Tamazunchale, Sergio Lara Jongitud, recibieron de la Inafed su reconocimiento por trabajar en la mejora continua del servicio p\u00fablico, al obtener los resultados anuales m\u00e1s altos del Estado, en la Gu\u00eda de Desempe\u00f1o Municipal.<\/p>\n","protected":false},"excerpt":{"rendered":"<p>Tras la evaluaci\u00f3n a 40 municipios potosinos, el Instituto Nacional para el Federalismo y el Desarrollo Municipal (Inafed) y con el respaldo de la Coordinaci\u00f3n Estatal para el Fortalecimiento Institucional de los Municipios (CEFIM), reconoci\u00f3 a Rioverde y Tamazunchale, por las Buenas Pr\u00e1cticas de la Gu\u00eda Consultiva de Desempe\u00f1o, lo que impulsa m\u00e1s apoyo a [&hellip;]<\/p>\n","protected":false},"author":4,"featured_media":30312,"comment_status":"closed","ping_status":"closed","sticky":false,"template":"","format":"standard","meta":{"_et_pb_use_builder":"off","_et_pb_old_content":"","_et_gb_content_width":"","footnotes":""},"categories":[280],"tags":[72,66],"class_list":["post-30311","post","type-post","status-publish","format-standard","has-post-thumbnail","hentry","category-gob-slp","tag-gobierno-del-estado","tag-san-luis-potosi"],"_links":{"self":[{"href":"https:\/\/gerardoduque.com.mx\/index.php?rest_route=\/wp\/v2\/posts\/30311","targetHints":{"allow":["GET"]}}],"collection":[{"href":"https:\/\/gerardoduque.com.mx\/index.php?rest_route=\/wp\/v2\/posts"}],"about":[{"href":"https:\/\/gerardoduque.com.mx\/index.php?rest_route=\/wp\/v2\/types\/post"}],"author":[{"embeddable":true,"href":"https:\/\/gerardoduque.com.mx\/index.php?rest_route=\/wp\/v2\/users\/4"}],"replies":[{"embeddable":true,"href":"https:\/\/gerardoduque.com.mx\/index.php?rest_route=%2Fwp%2Fv2%2Fcomments&post=30311"}],"version-history":[{"count":0,"href":"https:\/\/gerardoduque.com.mx\/index.php?rest_route=\/wp\/v2\/posts\/30311\/revisions"}],"wp:featuredmedia":[{"embeddable":true,"href":"https:\/\/gerardoduque.com.mx\/index.php?rest_route=\/wp\/v2\/media\/30312"}],"wp:attachment":[{"href":"https:\/\/gerardoduque.com.mx\/index.php?rest_route=%2Fwp%2Fv2%2Fmedia&parent=30311"}],"wp:term":[{"taxonomy":"category","embeddable":true,"href":"https:\/\/gerardoduque.com.mx\/index.php?rest_route=%2Fwp%2Fv2%2Fcategories&post=30311"},{"taxonomy":"post_tag","embeddable":true,"href":"https:\/\/gerardoduque.com.mx\/index.php?rest_route=%2Fwp%2Fv2%2Ftags&post=30311"}],"curies":[{"name":"wp","href":"https:\/\/api.w.org\/{rel}","templated":true}]}}