{"id":30292,"date":"2024-09-30T12:55:06","date_gmt":"2024-09-30T18:55:06","guid":{"rendered":"https:\/\/gerardoduque.com.mx\/?p=30292"},"modified":"2024-09-30T12:55:09","modified_gmt":"2024-09-30T18:55:09","slug":"reinstalan-comite-estatal-de-prevencion-estudio-y-seguimiento-de-la-morbilidad-y-mortalidad-materna-y-perinatal","status":"publish","type":"post","link":"https:\/\/gerardoduque.com.mx\/?p=30292","title":{"rendered":"REINSTALAN COMIT\u00c9 ESTATAL DE PREVENCI\u00d3N, ESTUDIO Y SEGUIMIENTO DE LA MORBILIDAD Y MORTALIDAD MATERNA Y PERINATAL"},"content":{"rendered":"\n<p>Con el objetivo de sumar esfuerzos y mantener la m\u00e1s alta calidad en la atenci\u00f3n obst\u00e9trica en las unidades de m\u00e9dicas de todo el sector salud en el Estado, los Servicios de Salud llevaron a cabo la reinstalaci\u00f3n del Comit\u00e9 Estatal de Prevenci\u00f3n, Estudio y Seguimiento de la Morbilidad y Mortalidad Materna y Perinatal.<\/p>\n\n\n\n<p>El Comit\u00e9 Estatal de Prevenci\u00f3n, Estudio y Seguimiento de la Morbilidad y Mortalidad Materna y Perinatal en el Estado est\u00e1 integrado por los Servicios de Salud, Instituto Mexicano del Seguro Social (IMSS), Instituto de Seguridad y Servicios Sociales de los Trabajadores del Estado (ISSSTE), Secretar\u00eda de la Defensa Nacional (Sedena); IMSS-Bienestar; OPD IMSS-Bienestar, Instituto Nacional de Estad\u00edstica y Geograf\u00eda (INEGI), Coepris, Hospital Lomas San Luis, del Hospital de Especialidades M\u00e9dicas de la Salud, Instituto Asistencial Betania AC, y la Sociedad de la Beneficencia Espa\u00f1ola, AC.<\/p>\n\n\n\n<p>La directora general de los Servicios de Salud encabez\u00f3 la reinstalaci\u00f3n del Comit\u00e9 y dijo que la intenci\u00f3n es brindar atenci\u00f3n m\u00e9dica de calidad a las potosinas que no cuentan con ning\u00fan tipo de seguridad social y concientizar sobre la importancia del control prenatal, para seguir reduciendo la mortalidad materna, que en 2023 fue de un 66 por ciento con respecto al 2022; y la meta es reducirlas por completo.<\/p>\n\n\n\n<p>Para ello, se requiere de la participaci\u00f3n de todo el sector salud para lograr reducir a cero la morbilidad y maternidad materna, garantizando el ejercicio de los derechos reproductivos en el curso de la vida de las mujeres.<\/p>\n","protected":false},"excerpt":{"rendered":"<p>El Comit\u00e9 est\u00e1 integrado por los Servicios de Salud, IMSS, ISSSTE, Sedena, IMSS-Bienestar; OPD IMSS-Bienestar, INEGI, Coepris, entre otras dependencias. <\/p>\n","protected":false},"author":4,"featured_media":30293,"comment_status":"closed","ping_status":"closed","sticky":false,"template":"","format":"standard","meta":{"_et_pb_use_builder":"off","_et_pb_old_content":"","_et_gb_content_width":"","footnotes":""},"categories":[280],"tags":[72,66,217],"class_list":["post-30292","post","type-post","status-publish","format-standard","has-post-thumbnail","hentry","category-gob-slp","tag-gobierno-del-estado","tag-san-luis-potosi","tag-ssa"],"_links":{"self":[{"href":"https:\/\/gerardoduque.com.mx\/index.php?rest_route=\/wp\/v2\/posts\/30292","targetHints":{"allow":["GET"]}}],"collection":[{"href":"https:\/\/gerardoduque.com.mx\/index.php?rest_route=\/wp\/v2\/posts"}],"about":[{"href":"https:\/\/gerardoduque.com.mx\/index.php?rest_route=\/wp\/v2\/types\/post"}],"author":[{"embeddable":true,"href":"https:\/\/gerardoduque.com.mx\/index.php?rest_route=\/wp\/v2\/users\/4"}],"replies":[{"embeddable":true,"href":"https:\/\/gerardoduque.com.mx\/index.php?rest_route=%2Fwp%2Fv2%2Fcomments&post=30292"}],"version-history":[{"count":0,"href":"https:\/\/gerardoduque.com.mx\/index.php?rest_route=\/wp\/v2\/posts\/30292\/revisions"}],"wp:featuredmedia":[{"embeddable":true,"href":"https:\/\/gerardoduque.com.mx\/index.php?rest_route=\/wp\/v2\/media\/30293"}],"wp:attachment":[{"href":"https:\/\/gerardoduque.com.mx\/index.php?rest_route=%2Fwp%2Fv2%2Fmedia&parent=30292"}],"wp:term":[{"taxonomy":"category","embeddable":true,"href":"https:\/\/gerardoduque.com.mx\/index.php?rest_route=%2Fwp%2Fv2%2Fcategories&post=30292"},{"taxonomy":"post_tag","embeddable":true,"href":"https:\/\/gerardoduque.com.mx\/index.php?rest_route=%2Fwp%2Fv2%2Ftags&post=30292"}],"curies":[{"name":"wp","href":"https:\/\/api.w.org\/{rel}","templated":true}]}}