{"id":30289,"date":"2024-09-30T07:18:38","date_gmt":"2024-09-30T13:18:38","guid":{"rendered":"https:\/\/gerardoduque.com.mx\/?p=30289"},"modified":"2024-09-30T07:18:42","modified_gmt":"2024-09-30T13:18:42","slug":"anuncian-plan-de-reforestacion-en-zona-media","status":"publish","type":"post","link":"https:\/\/gerardoduque.com.mx\/?p=30289","title":{"rendered":"ANUNCIAN PLAN DE REFORESTACI\u00d3N\u00a0EN ZONA MEDIA"},"content":{"rendered":"\n<p>Para impulsar m\u00e1s apoyo en reforestaci\u00f3n y cuidado del medio ambiente en las cuatro regiones, la Secretar\u00eda de Desarrollo Agropecuario y Recursos Hidr\u00e1ulicos firm\u00f3 un convenio de colaboraci\u00f3n con el Instituto Tecnol\u00f3gico Superior de Rioverde para producir \u00e1rboles y plantas end\u00e9micas que se distribuir\u00e1n en zonas de poca vegetaci\u00f3n de todo el Estado.<\/p>\n\n\n\n<p>La titular de la Sedarh firm\u00f3 el convenio de colaboraci\u00f3n con la directora del ITSRV, Rosa Mar\u00eda Mart\u00ednez Robles, para iniciar la entrega de los primeros cinco mil \u00e1rboles, as\u00ed como de 600 raquetas de nopal verdura.<\/p>\n\n\n\n<p>El plan de siembra y cultivo de \u00e1rboles, plantas y huertos es un proyecto de reeducaci\u00f3n ambiental iniciado por el Instituto de las Mujeres del Estado de San Luis Potos\u00ed con enfoque en ni\u00f1os y adolescentes, personas con discapacidad y adultos mayores, por lo que la Sedarh y el ITSRV se suman a este proyecto entregando el material vegetativo.<\/p>\n","protected":false},"excerpt":{"rendered":"<p>En colaboraci\u00f3n con el Instituto Tecnol\u00f3gico Superior de Rioverde, se producir\u00e1n 250 mil \u00e1rboles end\u00e9micos y frutales y plantas de ornato, para zonas de poca vegetaci\u00f3n<\/p>\n","protected":false},"author":4,"featured_media":17283,"comment_status":"closed","ping_status":"closed","sticky":false,"template":"","format":"standard","meta":{"_et_pb_use_builder":"off","_et_pb_old_content":"","_et_gb_content_width":"","footnotes":""},"categories":[280],"tags":[72,66,234],"class_list":["post-30289","post","type-post","status-publish","format-standard","has-post-thumbnail","hentry","category-gob-slp","tag-gobierno-del-estado","tag-san-luis-potosi","tag-sedarh"],"_links":{"self":[{"href":"https:\/\/gerardoduque.com.mx\/index.php?rest_route=\/wp\/v2\/posts\/30289","targetHints":{"allow":["GET"]}}],"collection":[{"href":"https:\/\/gerardoduque.com.mx\/index.php?rest_route=\/wp\/v2\/posts"}],"about":[{"href":"https:\/\/gerardoduque.com.mx\/index.php?rest_route=\/wp\/v2\/types\/post"}],"author":[{"embeddable":true,"href":"https:\/\/gerardoduque.com.mx\/index.php?rest_route=\/wp\/v2\/users\/4"}],"replies":[{"embeddable":true,"href":"https:\/\/gerardoduque.com.mx\/index.php?rest_route=%2Fwp%2Fv2%2Fcomments&post=30289"}],"version-history":[{"count":0,"href":"https:\/\/gerardoduque.com.mx\/index.php?rest_route=\/wp\/v2\/posts\/30289\/revisions"}],"wp:featuredmedia":[{"embeddable":true,"href":"https:\/\/gerardoduque.com.mx\/index.php?rest_route=\/wp\/v2\/media\/17283"}],"wp:attachment":[{"href":"https:\/\/gerardoduque.com.mx\/index.php?rest_route=%2Fwp%2Fv2%2Fmedia&parent=30289"}],"wp:term":[{"taxonomy":"category","embeddable":true,"href":"https:\/\/gerardoduque.com.mx\/index.php?rest_route=%2Fwp%2Fv2%2Fcategories&post=30289"},{"taxonomy":"post_tag","embeddable":true,"href":"https:\/\/gerardoduque.com.mx\/index.php?rest_route=%2Fwp%2Fv2%2Ftags&post=30289"}],"curies":[{"name":"wp","href":"https:\/\/api.w.org\/{rel}","templated":true}]}}