{"id":30274,"date":"2024-09-29T09:10:56","date_gmt":"2024-09-29T15:10:56","guid":{"rendered":"https:\/\/gerardoduque.com.mx\/?p=30274"},"modified":"2024-09-29T09:11:00","modified_gmt":"2024-09-29T15:11:00","slug":"posicionan-a-slp-como-lider-nacional-en-calidad-de-vida","status":"publish","type":"post","link":"https:\/\/gerardoduque.com.mx\/?p=30274","title":{"rendered":"POSICIONAN A SLP COMO L\u00cdDER\u00a0NACIONAL EN CALIDAD DE VIDA"},"content":{"rendered":"\n<p>De acuerdo con Rodrigo Z\u00fa\u00f1iga, gerente Regional Norte de M\u00e9xico y sur de Norteam\u00e9rica de Michael Page, en la reuni\u00f3n mensual de la Asociaci\u00f3n de Ejecutivos de la Gesti\u00f3n del Talento Humano, San Luis Potos\u00ed se posiciona como uno de los mejores estados a nivel nacional, con mejor calidad de vida y un futuro prometedor en los pr\u00f3ximos siete a\u00f1os.<\/p>\n\n\n\n<p>El estudio de tendencia de talento en M\u00e9xico y Latinoam\u00e9rica 2024, el Estado actualmente atrae a profesionales de todo el pa\u00eds por las condiciones laborales y de equilibrio en la vida personal que ofrece.<\/p>\n\n\n\n<p>Por su parte, el titular de la Secretar\u00eda del Trabajo y Previsi\u00f3n Social celebr\u00f3 que la actual administraci\u00f3n haya contribuido a este panorama positivo para los trabajadores, y destac\u00f3 la importancia de la colaboraci\u00f3n entre Gobierno y empresarios para dignificar y mejorar las condiciones laborales.<\/p>\n","protected":false},"excerpt":{"rendered":"<p>Experto destaca oportunidades laborales y equilibrio entre vida personal y profesional en la regi\u00f3n<\/p>\n","protected":false},"author":4,"featured_media":30275,"comment_status":"closed","ping_status":"closed","sticky":false,"template":"","format":"standard","meta":{"_et_pb_use_builder":"off","_et_pb_old_content":"","_et_gb_content_width":"","footnotes":""},"categories":[280],"tags":[72,66,83],"class_list":["post-30274","post","type-post","status-publish","format-standard","has-post-thumbnail","hentry","category-gob-slp","tag-gobierno-del-estado","tag-san-luis-potosi","tag-stps"],"_links":{"self":[{"href":"https:\/\/gerardoduque.com.mx\/index.php?rest_route=\/wp\/v2\/posts\/30274","targetHints":{"allow":["GET"]}}],"collection":[{"href":"https:\/\/gerardoduque.com.mx\/index.php?rest_route=\/wp\/v2\/posts"}],"about":[{"href":"https:\/\/gerardoduque.com.mx\/index.php?rest_route=\/wp\/v2\/types\/post"}],"author":[{"embeddable":true,"href":"https:\/\/gerardoduque.com.mx\/index.php?rest_route=\/wp\/v2\/users\/4"}],"replies":[{"embeddable":true,"href":"https:\/\/gerardoduque.com.mx\/index.php?rest_route=%2Fwp%2Fv2%2Fcomments&post=30274"}],"version-history":[{"count":0,"href":"https:\/\/gerardoduque.com.mx\/index.php?rest_route=\/wp\/v2\/posts\/30274\/revisions"}],"wp:featuredmedia":[{"embeddable":true,"href":"https:\/\/gerardoduque.com.mx\/index.php?rest_route=\/wp\/v2\/media\/30275"}],"wp:attachment":[{"href":"https:\/\/gerardoduque.com.mx\/index.php?rest_route=%2Fwp%2Fv2%2Fmedia&parent=30274"}],"wp:term":[{"taxonomy":"category","embeddable":true,"href":"https:\/\/gerardoduque.com.mx\/index.php?rest_route=%2Fwp%2Fv2%2Fcategories&post=30274"},{"taxonomy":"post_tag","embeddable":true,"href":"https:\/\/gerardoduque.com.mx\/index.php?rest_route=%2Fwp%2Fv2%2Ftags&post=30274"}],"curies":[{"name":"wp","href":"https:\/\/api.w.org\/{rel}","templated":true}]}}