{"id":30272,"date":"2024-09-29T09:06:02","date_gmt":"2024-09-29T15:06:02","guid":{"rendered":"https:\/\/gerardoduque.com.mx\/?p=30272"},"modified":"2024-09-29T09:06:06","modified_gmt":"2024-09-29T15:06:06","slug":"alcaldes-electos-son-capacitados-previo-a-toma-de-protesta","status":"publish","type":"post","link":"https:\/\/gerardoduque.com.mx\/?p=30272","title":{"rendered":"ALCALDES ELECTOS SON CAPACITADOS PREVIO A TOMA DE PROTESTA\u00a0"},"content":{"rendered":"\n<p>La Coordinaci\u00f3n Estatal para el Fortalecimiento Institucional de los Municipios realiz\u00f3 el curso en l\u00ednea sobre el protocolo a seguir para la instalaci\u00f3n de ayuntamiento, en apoyo a los funcionarios de los 59 municipios que rendir\u00e1n protesta, el pr\u00f3ximo martes 1 de octubre, para dar validez y formalidad al proceso en cumplimiento lo que establece la Ley.<\/p>\n\n\n\n<p>Este curso cont\u00f3 con la participaci\u00f3n de m\u00e1s de 260 asistentes como alcaldes, s\u00edndicos y pr\u00f3ximos funcionarios municipales, quienes fueron beneficiados con una capacitaci\u00f3n profunda sobre los puntos m\u00e1s importantes a realizar.<\/p>\n\n\n\n<p>Durante las sesiones solemnes, de instalaci\u00f3n de ayuntamientos, se designar\u00e1n las personas titulares de la secretar\u00eda general, tesorer\u00eda, oficial\u00eda mayor, delegaciones municipales (en su caso) y contralor\u00eda; adem\u00e1s se realizar\u00e1 la entrega simb\u00f3lica de oficinas, bienes, fondos municipales e inventarios. Para conocer m\u00e1s a detalle la informaci\u00f3n, los interesados pueden consultar cefimslp.gob.mx y descargar el material del curso en l\u00ednea.<\/p>\n","protected":false},"excerpt":{"rendered":"<p>La Coordinaci\u00f3n Estatal para el Fortalecimiento Institucional de los Municipios realiz\u00f3 el curso en l\u00ednea sobre el protocolo a seguir para la instalaci\u00f3n de ayuntamiento, en apoyo a los funcionarios de los 59 municipios que rendir\u00e1n protesta, el pr\u00f3ximo martes 1 de octubre, para dar validez y formalidad al proceso en cumplimiento lo que establece [&hellip;]<\/p>\n","protected":false},"author":4,"featured_media":28980,"comment_status":"closed","ping_status":"closed","sticky":false,"template":"","format":"standard","meta":{"_et_pb_use_builder":"off","_et_pb_old_content":"","_et_gb_content_width":"","footnotes":""},"categories":[280],"tags":[209,72,66],"class_list":["post-30272","post","type-post","status-publish","format-standard","has-post-thumbnail","hentry","category-gob-slp","tag-cefim","tag-gobierno-del-estado","tag-san-luis-potosi"],"_links":{"self":[{"href":"https:\/\/gerardoduque.com.mx\/index.php?rest_route=\/wp\/v2\/posts\/30272","targetHints":{"allow":["GET"]}}],"collection":[{"href":"https:\/\/gerardoduque.com.mx\/index.php?rest_route=\/wp\/v2\/posts"}],"about":[{"href":"https:\/\/gerardoduque.com.mx\/index.php?rest_route=\/wp\/v2\/types\/post"}],"author":[{"embeddable":true,"href":"https:\/\/gerardoduque.com.mx\/index.php?rest_route=\/wp\/v2\/users\/4"}],"replies":[{"embeddable":true,"href":"https:\/\/gerardoduque.com.mx\/index.php?rest_route=%2Fwp%2Fv2%2Fcomments&post=30272"}],"version-history":[{"count":0,"href":"https:\/\/gerardoduque.com.mx\/index.php?rest_route=\/wp\/v2\/posts\/30272\/revisions"}],"wp:featuredmedia":[{"embeddable":true,"href":"https:\/\/gerardoduque.com.mx\/index.php?rest_route=\/wp\/v2\/media\/28980"}],"wp:attachment":[{"href":"https:\/\/gerardoduque.com.mx\/index.php?rest_route=%2Fwp%2Fv2%2Fmedia&parent=30272"}],"wp:term":[{"taxonomy":"category","embeddable":true,"href":"https:\/\/gerardoduque.com.mx\/index.php?rest_route=%2Fwp%2Fv2%2Fcategories&post=30272"},{"taxonomy":"post_tag","embeddable":true,"href":"https:\/\/gerardoduque.com.mx\/index.php?rest_route=%2Fwp%2Fv2%2Ftags&post=30272"}],"curies":[{"name":"wp","href":"https:\/\/api.w.org\/{rel}","templated":true}]}}