{"id":30269,"date":"2024-09-29T09:00:52","date_gmt":"2024-09-29T15:00:52","guid":{"rendered":"https:\/\/gerardoduque.com.mx\/?p=30269"},"modified":"2024-09-29T09:00:55","modified_gmt":"2024-09-29T15:00:55","slug":"construyen-nueva-infraestructura-academica-en-real-de-catorce","status":"publish","type":"post","link":"https:\/\/gerardoduque.com.mx\/?p=30269","title":{"rendered":"CONSTRUYEN NUEVA INFRAESTRUCTURA ACAD\u00c9MICA EN REAL DE CATORCE\u00a0"},"content":{"rendered":"\n<p>En Real de Catorce los estudiantes, el personal docente y administrativo, reciben instituciones educativas dignas y equipadas, para que los alumnos contin\u00faen su formaci\u00f3n acad\u00e9mica, derivado del impulso a la educaci\u00f3n construyendo y rehabilitando escuelas en las cuatro regiones.<\/p>\n\n\n\n<p>Como lo muestra el documental \u201cViaje al coraz\u00f3n del Potos\u00ed\u201d estudiantes de la reci\u00e9n rehabilitada preparatoria \u201cDionisio Zavala\u201d, han sido beneficiados con instalaciones de calidad como tres aulas did\u00e1cticas, m\u00f3dulos de servicio sanitario, aula de c\u00f3mputo, red el\u00e9ctrica, mobiliario nuevo, plaza c\u00edvica entre otros, con lo que se ha hecho frente al rezago educativo en la regi\u00f3n Altiplano, pues las y los menores de comunidades aleda\u00f1as, ya no tienen que trasladarse a otros municipios para continuar su educaci\u00f3n de nivel media superior.<\/p>\n\n\n\n<p>Flor de Mar\u00eda Tovar, es originaria de la comunidad Ojo de Agua perteneciente a Catorce, y una de las estudiantes beneficiadas de la renovaci\u00f3n de la preparatoria, quien llega cada ma\u00f1ana a tiempo a sus clases, debido a la oportunidad que representa que la escuela se haya construido cerca de su comunidad, agradeci\u00f3 a Ricardo Gallardo Cardona, explic\u00f3 que es muy motivante ir a la escuela cuando hay equipo nuevo y moderno para estudiar. <\/p>\n\n\n\n<p>Por su parte, Jos\u00e9 Torres, director de la escuela preparatoria, reconoci\u00f3 la inversi\u00f3n hist\u00f3rica en materia de educaci\u00f3n para el Altiplano, donde hac\u00edan falta planteles de educaci\u00f3n media superior.<\/p>\n","protected":false},"excerpt":{"rendered":"<p>Estudiantes de la reci\u00e9n rehabilitada preparatoria \u201cDionisio Zavala\u201d, han sido beneficiados con instalaciones de calidad como tres aulas did\u00e1cticas, m\u00f3dulos de servicio sanitario, aula de c\u00f3mputo, red el\u00e9ctrica, mobiliario nuevo, plaza c\u00edvica entre otros<\/p>\n","protected":false},"author":4,"featured_media":30270,"comment_status":"closed","ping_status":"closed","sticky":false,"template":"","format":"standard","meta":{"_et_pb_use_builder":"off","_et_pb_old_content":"","_et_gb_content_width":"","footnotes":""},"categories":[280],"tags":[72,66],"class_list":["post-30269","post","type-post","status-publish","format-standard","has-post-thumbnail","hentry","category-gob-slp","tag-gobierno-del-estado","tag-san-luis-potosi"],"_links":{"self":[{"href":"https:\/\/gerardoduque.com.mx\/index.php?rest_route=\/wp\/v2\/posts\/30269","targetHints":{"allow":["GET"]}}],"collection":[{"href":"https:\/\/gerardoduque.com.mx\/index.php?rest_route=\/wp\/v2\/posts"}],"about":[{"href":"https:\/\/gerardoduque.com.mx\/index.php?rest_route=\/wp\/v2\/types\/post"}],"author":[{"embeddable":true,"href":"https:\/\/gerardoduque.com.mx\/index.php?rest_route=\/wp\/v2\/users\/4"}],"replies":[{"embeddable":true,"href":"https:\/\/gerardoduque.com.mx\/index.php?rest_route=%2Fwp%2Fv2%2Fcomments&post=30269"}],"version-history":[{"count":0,"href":"https:\/\/gerardoduque.com.mx\/index.php?rest_route=\/wp\/v2\/posts\/30269\/revisions"}],"wp:featuredmedia":[{"embeddable":true,"href":"https:\/\/gerardoduque.com.mx\/index.php?rest_route=\/wp\/v2\/media\/30270"}],"wp:attachment":[{"href":"https:\/\/gerardoduque.com.mx\/index.php?rest_route=%2Fwp%2Fv2%2Fmedia&parent=30269"}],"wp:term":[{"taxonomy":"category","embeddable":true,"href":"https:\/\/gerardoduque.com.mx\/index.php?rest_route=%2Fwp%2Fv2%2Fcategories&post=30269"},{"taxonomy":"post_tag","embeddable":true,"href":"https:\/\/gerardoduque.com.mx\/index.php?rest_route=%2Fwp%2Fv2%2Ftags&post=30269"}],"curies":[{"name":"wp","href":"https:\/\/api.w.org\/{rel}","templated":true}]}}