{"id":30266,"date":"2024-09-29T08:56:14","date_gmt":"2024-09-29T14:56:14","guid":{"rendered":"https:\/\/gerardoduque.com.mx\/?p=30266"},"modified":"2024-09-29T08:56:17","modified_gmt":"2024-09-29T14:56:17","slug":"se-desarrollo-un-viaje-especial-en-el-tranvia-turistico-adaptado-para-personas-sordas","status":"publish","type":"post","link":"https:\/\/gerardoduque.com.mx\/?p=30266","title":{"rendered":"SE DESARROLL\u00d3 UN VIAJE ESPECIAL EN EL TRANV\u00cdA TUR\u00cdSTICO ADAPTADO PARA PERSONAS SORDAS\u00a0"},"content":{"rendered":"\n<p>La Secretar\u00eda de Turismo de San Luis Potos\u00ed puso en marcha el programa \u201cSin L\u00edmites\u201d, dirigido a personas con discapacidad, que busca hacer del turismo una experiencia accesible y enriquecedora para todos.<\/p>\n\n\n\n<p>Con la finalidad de promover la inclusi\u00f3n y erradicar la discriminaci\u00f3n hacia las personas con discapacidad propiciando espacios de igualdad, la Sectur desarroll\u00f3 un viaje especial en el tranv\u00eda tur\u00edstico San Luis Rey adaptado para personas sordas, el cual recorri\u00f3 el Centro Hist\u00f3rico de San Luis Potos\u00ed.<\/p>\n\n\n\n<p>Para el recorrido se cont\u00f3 con el apoyo de personal del Centro de Rehabilitaci\u00f3n y Educaci\u00f3n Especial, del Sistema Estatal para el Desarrollo Integral de la Familia, donde personas de la comunidad sorda disfrutaron de una visita guiada en lengua de se\u00f1as mexicana, destacando los sitios m\u00e1s emblem\u00e1ticos de la ciudad, como la plaza de Armas, el Teatro de la Paz y la Catedral Metropolitana.<\/p>\n\n\n\n<p>De acuerdo con la dependencia, este programa es un paso para garantizar que San Luis Potos\u00ed sea un referente en turismo inclusivo en M\u00e9xico, debido a que contribuye a seguir brindando actividades tur\u00edsticas y de calidad.<\/p>\n","protected":false},"excerpt":{"rendered":"<p>Personas de la comunidad sorda disfrutaron de una visita guiada en lengua de se\u00f1as mexicana, destacando los sitios m\u00e1s emblem\u00e1ticos de la ciudad.<\/p>\n","protected":false},"author":4,"featured_media":30267,"comment_status":"closed","ping_status":"closed","sticky":false,"template":"","format":"standard","meta":{"_et_pb_use_builder":"off","_et_pb_old_content":"","_et_gb_content_width":"","footnotes":""},"categories":[280],"tags":[169,180,72,66],"class_list":["post-30266","post","type-post","status-publish","format-standard","has-post-thumbnail","hentry","category-gob-slp","tag-cree","tag-dif-estatal","tag-gobierno-del-estado","tag-san-luis-potosi"],"_links":{"self":[{"href":"https:\/\/gerardoduque.com.mx\/index.php?rest_route=\/wp\/v2\/posts\/30266","targetHints":{"allow":["GET"]}}],"collection":[{"href":"https:\/\/gerardoduque.com.mx\/index.php?rest_route=\/wp\/v2\/posts"}],"about":[{"href":"https:\/\/gerardoduque.com.mx\/index.php?rest_route=\/wp\/v2\/types\/post"}],"author":[{"embeddable":true,"href":"https:\/\/gerardoduque.com.mx\/index.php?rest_route=\/wp\/v2\/users\/4"}],"replies":[{"embeddable":true,"href":"https:\/\/gerardoduque.com.mx\/index.php?rest_route=%2Fwp%2Fv2%2Fcomments&post=30266"}],"version-history":[{"count":0,"href":"https:\/\/gerardoduque.com.mx\/index.php?rest_route=\/wp\/v2\/posts\/30266\/revisions"}],"wp:featuredmedia":[{"embeddable":true,"href":"https:\/\/gerardoduque.com.mx\/index.php?rest_route=\/wp\/v2\/media\/30267"}],"wp:attachment":[{"href":"https:\/\/gerardoduque.com.mx\/index.php?rest_route=%2Fwp%2Fv2%2Fmedia&parent=30266"}],"wp:term":[{"taxonomy":"category","embeddable":true,"href":"https:\/\/gerardoduque.com.mx\/index.php?rest_route=%2Fwp%2Fv2%2Fcategories&post=30266"},{"taxonomy":"post_tag","embeddable":true,"href":"https:\/\/gerardoduque.com.mx\/index.php?rest_route=%2Fwp%2Fv2%2Ftags&post=30266"}],"curies":[{"name":"wp","href":"https:\/\/api.w.org\/{rel}","templated":true}]}}