{"id":30263,"date":"2024-09-29T08:50:03","date_gmt":"2024-09-29T14:50:03","guid":{"rendered":"https:\/\/gerardoduque.com.mx\/?p=30263"},"modified":"2024-09-29T08:50:07","modified_gmt":"2024-09-29T14:50:07","slug":"llevaran-actividades-culturales-al-centro-penitenciario-la-pila","status":"publish","type":"post","link":"https:\/\/gerardoduque.com.mx\/?p=30263","title":{"rendered":"LLEVAR\u00c1N ACTIVIDADES CULTURALES AL CENTRO PENITENCIARIO LA PILA"},"content":{"rendered":"\n<p>En b\u00fasqueda de brindar un mejor acceso a la reinserci\u00f3n social y acercar m\u00e1s apoyo a las personas privadas de la libertad, se dio inicio diversas actividades culturales en el Centro de Reinserci\u00f3n Social de La Pila.<\/p>\n\n\n\n<p>Con el objetivo de descentralizar la cultura y ofrecer mejores oportunidades de reinserci\u00f3n para las personas de los centros penitenciarios de las cuatro regiones, a partir de esta semana se oferta un programa cultural y art\u00edstico con la Orquesta Sinf\u00f3nica de San Luis Potos\u00ed, la Camerata de San Luis, el Mariachi de Gobierno del Estado, talleres de arte popular, manualidades, cine, entre otros.<\/p>\n\n\n\n<p>Se destac\u00f3 que la ense\u00f1anza de la cultura y el arte, de la mano de la Secretar\u00eda de Cultura del Estado, ayuda a desarrollar habilidades motrices, sensitivas y de autoexpresi\u00f3n, mejorar las funciones ps\u00edquicas, como la memoria, la percepci\u00f3n y la atenci\u00f3n, adem\u00e1s de ser elementos fundamentales para la reinserci\u00f3n social, ya que permiten a las personas que han estado privadas de su libertad crecer intelectual y emocionalmente.<\/p>\n\n\n\n<p>As\u00ed mismo, la Direcci\u00f3n de Prevenci\u00f3n y Reinserci\u00f3n Social, con el prop\u00f3sito de fortalecer las actividades culturales, art\u00edsticas y recreativas de la poblaci\u00f3n penitenciaria, hizo entrega al Centro de Reinserci\u00f3n Social de La Pila una mega pantalla inflable para las diversas actividades relacionadas con la imagen y la proyecci\u00f3n de material educativo y cultural.<\/p>\n","protected":false},"excerpt":{"rendered":"<p>A partir de esta semana se ofertar\u00e1 un programa cultural y art\u00edstico con la Orquesta Sinf\u00f3nica de San Luis Potos\u00ed, la Camerata de San Luis, el Mariachi de Gobierno del Estado, entre otros. <\/p>\n","protected":false},"author":4,"featured_media":30264,"comment_status":"closed","ping_status":"closed","sticky":false,"template":"","format":"standard","meta":{"_et_pb_use_builder":"off","_et_pb_old_content":"","_et_gb_content_width":"","footnotes":""},"categories":[280],"tags":[72,66,200],"class_list":["post-30263","post","type-post","status-publish","format-standard","has-post-thumbnail","hentry","category-gob-slp","tag-gobierno-del-estado","tag-san-luis-potosi","tag-secult"],"_links":{"self":[{"href":"https:\/\/gerardoduque.com.mx\/index.php?rest_route=\/wp\/v2\/posts\/30263","targetHints":{"allow":["GET"]}}],"collection":[{"href":"https:\/\/gerardoduque.com.mx\/index.php?rest_route=\/wp\/v2\/posts"}],"about":[{"href":"https:\/\/gerardoduque.com.mx\/index.php?rest_route=\/wp\/v2\/types\/post"}],"author":[{"embeddable":true,"href":"https:\/\/gerardoduque.com.mx\/index.php?rest_route=\/wp\/v2\/users\/4"}],"replies":[{"embeddable":true,"href":"https:\/\/gerardoduque.com.mx\/index.php?rest_route=%2Fwp%2Fv2%2Fcomments&post=30263"}],"version-history":[{"count":0,"href":"https:\/\/gerardoduque.com.mx\/index.php?rest_route=\/wp\/v2\/posts\/30263\/revisions"}],"wp:featuredmedia":[{"embeddable":true,"href":"https:\/\/gerardoduque.com.mx\/index.php?rest_route=\/wp\/v2\/media\/30264"}],"wp:attachment":[{"href":"https:\/\/gerardoduque.com.mx\/index.php?rest_route=%2Fwp%2Fv2%2Fmedia&parent=30263"}],"wp:term":[{"taxonomy":"category","embeddable":true,"href":"https:\/\/gerardoduque.com.mx\/index.php?rest_route=%2Fwp%2Fv2%2Fcategories&post=30263"},{"taxonomy":"post_tag","embeddable":true,"href":"https:\/\/gerardoduque.com.mx\/index.php?rest_route=%2Fwp%2Fv2%2Ftags&post=30263"}],"curies":[{"name":"wp","href":"https:\/\/api.w.org\/{rel}","templated":true}]}}