{"id":30253,"date":"2024-09-28T12:45:26","date_gmt":"2024-09-28T18:45:26","guid":{"rendered":"https:\/\/gerardoduque.com.mx\/?p=30253"},"modified":"2024-09-28T12:45:28","modified_gmt":"2024-09-28T18:45:28","slug":"familias-de-zaragoza-recibieron-apoyos-alimentarios","status":"publish","type":"post","link":"https:\/\/gerardoduque.com.mx\/?p=30253","title":{"rendered":"FAMILIAS DE ZARAGOZA RECIBIERON APOYOS ALIMENTARIOS"},"content":{"rendered":"\n<p>Familias de Zaragoza fueron beneficiados con los productos del programa de Seguridad Alimentaria que entreg\u00f3 este viernes el Gobernador del Estado, en b\u00fasqueda de garantizar una buena alimentaci\u00f3n en los ni\u00f1os y personas adultas mayores.<\/p>\n\n\n\n<p>Desde la plaza San Antonio y Secundino Agundis en la cabecera municipal, el Mandatario Estatal entreg\u00f3 el apoyo en especie para satisfacer las necesidades nutricionales con productos suficientes que adem\u00e1s se entregar\u00e1n cada 45 d\u00edas.<\/p>\n\n\n\n<p>El Gobernador del Estado refrend\u00f3 su compromiso para combatir el rezago alimentario, que en el caso de Zaragoza es del 22.2 por ciento de acuerdo con datos del Coneval, a trav\u00e9s de mejores oportunidades de desarrollo con la garant\u00eda de que las infancias y los adultos mayores se nutrir\u00e1n cada mes con productos como: leche, frijol, at\u00fan, aceite, frijol, caf\u00e9, cereal, arroz, galletas, entre otros.<\/p>\n","protected":false},"excerpt":{"rendered":"<p>Habitantes de Villa de Zaragoza se beneficiar\u00e1n con paquetes alimentarios con 20 kilogramos de productos de calidad.<\/p>\n","protected":false},"author":4,"featured_media":30254,"comment_status":"closed","ping_status":"closed","sticky":false,"template":"","format":"standard","meta":{"_et_pb_use_builder":"off","_et_pb_old_content":"","_et_gb_content_width":"","footnotes":""},"categories":[280],"tags":[72,66],"class_list":["post-30253","post","type-post","status-publish","format-standard","has-post-thumbnail","hentry","category-gob-slp","tag-gobierno-del-estado","tag-san-luis-potosi"],"_links":{"self":[{"href":"https:\/\/gerardoduque.com.mx\/index.php?rest_route=\/wp\/v2\/posts\/30253","targetHints":{"allow":["GET"]}}],"collection":[{"href":"https:\/\/gerardoduque.com.mx\/index.php?rest_route=\/wp\/v2\/posts"}],"about":[{"href":"https:\/\/gerardoduque.com.mx\/index.php?rest_route=\/wp\/v2\/types\/post"}],"author":[{"embeddable":true,"href":"https:\/\/gerardoduque.com.mx\/index.php?rest_route=\/wp\/v2\/users\/4"}],"replies":[{"embeddable":true,"href":"https:\/\/gerardoduque.com.mx\/index.php?rest_route=%2Fwp%2Fv2%2Fcomments&post=30253"}],"version-history":[{"count":0,"href":"https:\/\/gerardoduque.com.mx\/index.php?rest_route=\/wp\/v2\/posts\/30253\/revisions"}],"wp:featuredmedia":[{"embeddable":true,"href":"https:\/\/gerardoduque.com.mx\/index.php?rest_route=\/wp\/v2\/media\/30254"}],"wp:attachment":[{"href":"https:\/\/gerardoduque.com.mx\/index.php?rest_route=%2Fwp%2Fv2%2Fmedia&parent=30253"}],"wp:term":[{"taxonomy":"category","embeddable":true,"href":"https:\/\/gerardoduque.com.mx\/index.php?rest_route=%2Fwp%2Fv2%2Fcategories&post=30253"},{"taxonomy":"post_tag","embeddable":true,"href":"https:\/\/gerardoduque.com.mx\/index.php?rest_route=%2Fwp%2Fv2%2Ftags&post=30253"}],"curies":[{"name":"wp","href":"https:\/\/api.w.org\/{rel}","templated":true}]}}