{"id":30240,"date":"2024-09-28T10:24:00","date_gmt":"2024-09-28T16:24:00","guid":{"rendered":"https:\/\/gerardoduque.com.mx\/?p=30240"},"modified":"2024-09-28T10:24:04","modified_gmt":"2024-09-28T16:24:04","slug":"escuelas-de-slp-cumpliran-con-dia-de-asueto-acorde-al-calendario-escolar","status":"publish","type":"post","link":"https:\/\/gerardoduque.com.mx\/?p=30240","title":{"rendered":"ESCUELAS DE SLP CUMPLIR\u00c1N CON D\u00cdA DE ASUETO ACORDE AL CALENDARIO ESCOLAR"},"content":{"rendered":"\n<p>La Secretar\u00eda de Educaci\u00f3n de Gobierno del Estado inform\u00f3 que las escuelas de las cuatro regiones dar\u00e1n cumplimiento a la modificaci\u00f3n del calendario escolar oficial de la Secretar\u00eda de Educaci\u00f3n P\u00fablica, en el que se establece d\u00eda de asueto el 1 de octubre de cada seis a\u00f1os, debido al cambio del Poder Ejecutivo Federal, de conformidad con el art\u00edculo 83 de la Constituci\u00f3n Pol\u00edtica de los Estados Unidos Mexicanos.<\/p>\n\n\n\n<p>Los menores de todos los niveles educativos de planteles p\u00fablicos y privados de San Luis Potos\u00ed, no asistir\u00e1n a sus aulas el martes 1 de octubre, en cumplimiento con el Decreto publicado en el Diario Oficial de la Federaci\u00f3n que establece como d\u00eda de descanso obligatorio este d\u00eda.<\/p>\n\n\n\n<p>El lunes 30 de septiembre, est\u00e1 garantizado el servicio educativo para todas los ni\u00f1os, adolescentes y j\u00f3venes de San Luis Potos\u00ed. Se exhort\u00f3 al personal docente directivo y de apoyo a la educaci\u00f3n a dar cumplimiento a estas instrucciones, garantizando el acceso a la educaci\u00f3n de todas los alumnos de nivel b\u00e1sico, media superior y superior.<\/p>\n","protected":false},"excerpt":{"rendered":"<p>Se adiciona el 1 de octubre de cada seis a\u00f1os como d\u00eda de asueto en el calendario escolar por el cambio del Poder Ejecutivo Federal <\/p>\n","protected":false},"author":4,"featured_media":30241,"comment_status":"closed","ping_status":"closed","sticky":false,"template":"","format":"standard","meta":{"_et_pb_use_builder":"off","_et_pb_old_content":"","_et_gb_content_width":"","footnotes":""},"categories":[412,280],"tags":[72,66,196],"class_list":["post-30240","post","type-post","status-publish","format-standard","has-post-thumbnail","hentry","category-destacado","category-gob-slp","tag-gobierno-del-estado","tag-san-luis-potosi","tag-sege"],"_links":{"self":[{"href":"https:\/\/gerardoduque.com.mx\/index.php?rest_route=\/wp\/v2\/posts\/30240","targetHints":{"allow":["GET"]}}],"collection":[{"href":"https:\/\/gerardoduque.com.mx\/index.php?rest_route=\/wp\/v2\/posts"}],"about":[{"href":"https:\/\/gerardoduque.com.mx\/index.php?rest_route=\/wp\/v2\/types\/post"}],"author":[{"embeddable":true,"href":"https:\/\/gerardoduque.com.mx\/index.php?rest_route=\/wp\/v2\/users\/4"}],"replies":[{"embeddable":true,"href":"https:\/\/gerardoduque.com.mx\/index.php?rest_route=%2Fwp%2Fv2%2Fcomments&post=30240"}],"version-history":[{"count":0,"href":"https:\/\/gerardoduque.com.mx\/index.php?rest_route=\/wp\/v2\/posts\/30240\/revisions"}],"wp:featuredmedia":[{"embeddable":true,"href":"https:\/\/gerardoduque.com.mx\/index.php?rest_route=\/wp\/v2\/media\/30241"}],"wp:attachment":[{"href":"https:\/\/gerardoduque.com.mx\/index.php?rest_route=%2Fwp%2Fv2%2Fmedia&parent=30240"}],"wp:term":[{"taxonomy":"category","embeddable":true,"href":"https:\/\/gerardoduque.com.mx\/index.php?rest_route=%2Fwp%2Fv2%2Fcategories&post=30240"},{"taxonomy":"post_tag","embeddable":true,"href":"https:\/\/gerardoduque.com.mx\/index.php?rest_route=%2Fwp%2Fv2%2Ftags&post=30240"}],"curies":[{"name":"wp","href":"https:\/\/api.w.org\/{rel}","templated":true}]}}