{"id":30234,"date":"2024-09-28T09:43:32","date_gmt":"2024-09-28T15:43:32","guid":{"rendered":"https:\/\/gerardoduque.com.mx\/?p=30234"},"modified":"2024-09-28T09:43:35","modified_gmt":"2024-09-28T15:43:35","slug":"invitan-a-potosinos-a-participar-en-el-premio-estatal-del-deporte-2024","status":"publish","type":"post","link":"https:\/\/gerardoduque.com.mx\/?p=30234","title":{"rendered":"INVITAN A POTOSINOS A PARTICIPAR EN EL PREMIO ESTATAL DEL DEPORTE 2024"},"content":{"rendered":"\n<p>El Instituto Potosino de Cultura F\u00edsica y Deporte invita a las asociaciones deportivas, organismos p\u00fablicos y a los potosinos a participar en el Premio Estatal del Deporte 2024, uno de los galardones m\u00e1s importantes que reconoce el trabajo de deportistas, entrenadores y promotores, que a su vez contribuye a la proyecci\u00f3n del Estado a nivel nacional e internacional, cuyo registro concluye el pr\u00f3ximo 15 de octubre.<\/p>\n\n\n\n<p>El titular del Inpode Joaqu\u00edn Garc\u00eda Mart\u00ednez, explic\u00f3 que en cumplimiento con las instrucciones del Gobernador Ricardo Gallardo Cardona, de impulsar el deporte y brindar m\u00e1s apoyo a los deportistas de todas las disciplinas, las modalidades para participar en la convocatoria son: deportista, entrenador o entrenadora, en el \u00e1mbito convencional y adaptado, as\u00ed como Fomento, Protecci\u00f3n o Impulso a la Pr\u00e1ctica de los Deportes, y detall\u00f3 que estos reconocimientos consideran los m\u00e9ritos y la trayectoria registrada entre el 11 de octubre de 2023 y el 11 de octubre de 2024, en el \u00e1mbito estatal, nacional e internacional.<\/p>\n\n\n\n<p>Los requisitos que deben ser entregados en la Subdirecci\u00f3n de Deporte Federado del Inpode en Himno Nacional, 4000, son: carta propuesta emitida por una asociaci\u00f3n u organismo deportivo nacional; comprobaci\u00f3n de nacionalidad mexicana; curr\u00edculum deportivo firmado y acompa\u00f1ado de documentos de respaldo; identificaci\u00f3n oficial vigente, CURP y comprobante de domicilio reciente; hoja de registro oficial con fotograf\u00eda.<\/p>\n\n\n\n<p>El jurado que elegir\u00e1 a los ganadores estar\u00e1 integrado por expertos en el \u00e1mbito, representantes de asociaciones y medios de comunicaci\u00f3n, que ser\u00e1n elegidos mediante insaculaci\u00f3n el 2 de octubre a las 11:00 horas; en tanto que la elecci\u00f3n de los ganadores se llevar\u00e1 a cabo el 16 de octubre de 2024 a las 11:00 horas en el Inpode, con resultados inapelables.<\/p>\n","protected":false},"excerpt":{"rendered":"<p>La fecha l\u00edmite para el registro al galard\u00f3n, que reconoce el trabajo de deportistas, entrenadores y promotores, es el pr\u00f3ximo 15 de octubre.<\/p>\n","protected":false},"author":4,"featured_media":30235,"comment_status":"closed","ping_status":"closed","sticky":false,"template":"","format":"standard","meta":{"_et_pb_use_builder":"off","_et_pb_old_content":"","_et_gb_content_width":"","footnotes":""},"categories":[412,280],"tags":[72,265,66],"class_list":["post-30234","post","type-post","status-publish","format-standard","has-post-thumbnail","hentry","category-destacado","category-gob-slp","tag-gobierno-del-estado","tag-inpode","tag-san-luis-potosi"],"_links":{"self":[{"href":"https:\/\/gerardoduque.com.mx\/index.php?rest_route=\/wp\/v2\/posts\/30234","targetHints":{"allow":["GET"]}}],"collection":[{"href":"https:\/\/gerardoduque.com.mx\/index.php?rest_route=\/wp\/v2\/posts"}],"about":[{"href":"https:\/\/gerardoduque.com.mx\/index.php?rest_route=\/wp\/v2\/types\/post"}],"author":[{"embeddable":true,"href":"https:\/\/gerardoduque.com.mx\/index.php?rest_route=\/wp\/v2\/users\/4"}],"replies":[{"embeddable":true,"href":"https:\/\/gerardoduque.com.mx\/index.php?rest_route=%2Fwp%2Fv2%2Fcomments&post=30234"}],"version-history":[{"count":0,"href":"https:\/\/gerardoduque.com.mx\/index.php?rest_route=\/wp\/v2\/posts\/30234\/revisions"}],"wp:featuredmedia":[{"embeddable":true,"href":"https:\/\/gerardoduque.com.mx\/index.php?rest_route=\/wp\/v2\/media\/30235"}],"wp:attachment":[{"href":"https:\/\/gerardoduque.com.mx\/index.php?rest_route=%2Fwp%2Fv2%2Fmedia&parent=30234"}],"wp:term":[{"taxonomy":"category","embeddable":true,"href":"https:\/\/gerardoduque.com.mx\/index.php?rest_route=%2Fwp%2Fv2%2Fcategories&post=30234"},{"taxonomy":"post_tag","embeddable":true,"href":"https:\/\/gerardoduque.com.mx\/index.php?rest_route=%2Fwp%2Fv2%2Ftags&post=30234"}],"curies":[{"name":"wp","href":"https:\/\/api.w.org\/{rel}","templated":true}]}}