{"id":30227,"date":"2024-09-27T05:45:00","date_gmt":"2024-09-27T11:45:00","guid":{"rendered":"https:\/\/gerardoduque.com.mx\/?p=30227"},"modified":"2024-09-26T20:49:17","modified_gmt":"2024-09-27T02:49:17","slug":"capacitan-en-proteccion-civil-a-brigadistas-de-comunidades-indigenas","status":"publish","type":"post","link":"https:\/\/gerardoduque.com.mx\/?p=30227","title":{"rendered":"CAPACITAN EN PROTECCI\u00d3N CIVIL A BRIGADISTAS DE COMUNIDADES IND\u00cdGENAS"},"content":{"rendered":"\n<p>La Coordinaci\u00f3n Estatal de Protecci\u00f3n Civil trabaj\u00f3 con la sociedad civil para la formaci\u00f3n de brigadistas comunitarios, con la capacitaci\u00f3n durante el \u00faltimo a\u00f1o de 116 personas, adem\u00e1s de la formaci\u00f3n de 10 mil 300 potosinas y potosinos en primeros auxilios, b\u00fasqueda y rescate, evacuaci\u00f3n de inmuebles y combate de incendios con uso de extintor.<\/p>\n\n\n\n<p>En total han capacitado a 221 brigadistas comunitarios con los conocimientos necesarios en la Gesti\u00f3n Integral del Riesgo, con lo que cuentan con los conocimientos necesarias para atender alguna emergencia, como incendios forestales, temporada de lluvias, pero principalmente llevan los conocimientos adquiridos, para trabajar el tema de la prevenci\u00f3n en sus comunidades.<\/p>\n\n\n\n<p>Tambi\u00e9n trabajaron en las capacitaciones con los sectores p\u00fablico y privado y la poblaci\u00f3n en general, logrando la capacitaci\u00f3n de 10 mil 300 personas en los cursos b\u00e1sicos.<\/p>\n\n\n\n<p>Finalmente, se inform\u00f3 que conjuntaron esfuerzos con Instituto de Desarrollo Humano y Social de los Pueblos y Comunidades Ind\u00edgenas para la traducci\u00f3n de la cultura de la protecci\u00f3n civil a las lenguas n\u00e1huatl, xi\u2019iuy y t\u00e9nek, a trav\u00e9s de tr\u00edpticos que fueron distribuidos en los veinte municipios de la regi\u00f3n Huasteca.<\/p>\n","protected":false},"excerpt":{"rendered":"<p>En 2024, hubo capacitaci\u00f3n a brigadistas comunitarios, a las comunidades ind\u00edgenas y realizaron la traducci\u00f3n de documentos informativos a lenguas originarias<\/p>\n","protected":false},"author":4,"featured_media":30228,"comment_status":"closed","ping_status":"closed","sticky":false,"template":"","format":"standard","meta":{"_et_pb_use_builder":"off","_et_pb_old_content":"","_et_gb_content_width":"","footnotes":""},"categories":[280],"tags":[190,72,66],"class_list":["post-30227","post","type-post","status-publish","format-standard","has-post-thumbnail","hentry","category-gob-slp","tag-cepc","tag-gobierno-del-estado","tag-san-luis-potosi"],"_links":{"self":[{"href":"https:\/\/gerardoduque.com.mx\/index.php?rest_route=\/wp\/v2\/posts\/30227","targetHints":{"allow":["GET"]}}],"collection":[{"href":"https:\/\/gerardoduque.com.mx\/index.php?rest_route=\/wp\/v2\/posts"}],"about":[{"href":"https:\/\/gerardoduque.com.mx\/index.php?rest_route=\/wp\/v2\/types\/post"}],"author":[{"embeddable":true,"href":"https:\/\/gerardoduque.com.mx\/index.php?rest_route=\/wp\/v2\/users\/4"}],"replies":[{"embeddable":true,"href":"https:\/\/gerardoduque.com.mx\/index.php?rest_route=%2Fwp%2Fv2%2Fcomments&post=30227"}],"version-history":[{"count":0,"href":"https:\/\/gerardoduque.com.mx\/index.php?rest_route=\/wp\/v2\/posts\/30227\/revisions"}],"wp:featuredmedia":[{"embeddable":true,"href":"https:\/\/gerardoduque.com.mx\/index.php?rest_route=\/wp\/v2\/media\/30228"}],"wp:attachment":[{"href":"https:\/\/gerardoduque.com.mx\/index.php?rest_route=%2Fwp%2Fv2%2Fmedia&parent=30227"}],"wp:term":[{"taxonomy":"category","embeddable":true,"href":"https:\/\/gerardoduque.com.mx\/index.php?rest_route=%2Fwp%2Fv2%2Fcategories&post=30227"},{"taxonomy":"post_tag","embeddable":true,"href":"https:\/\/gerardoduque.com.mx\/index.php?rest_route=%2Fwp%2Fv2%2Ftags&post=30227"}],"curies":[{"name":"wp","href":"https:\/\/api.w.org\/{rel}","templated":true}]}}