{"id":30224,"date":"2024-09-27T05:41:00","date_gmt":"2024-09-27T11:41:00","guid":{"rendered":"https:\/\/gerardoduque.com.mx\/?p=30224"},"modified":"2024-09-26T20:45:06","modified_gmt":"2024-09-27T02:45:06","slug":"proyectan-corto-potosino-en-inauguracion-de-cineteca-chapultepec","status":"publish","type":"post","link":"https:\/\/gerardoduque.com.mx\/?p=30224","title":{"rendered":"PROYECTAN CORTO POTOSINO EN INAUGURACI\u00d3N DE CINETECA CHAPULTEPEC"},"content":{"rendered":"\n<p>Durante la inauguraci\u00f3n de la cuarta secci\u00f3n del Bosque de Chapultepec, se llev\u00f3 a cabo la proyecci\u00f3n del cortometraje \u201cBajudh\u201d, obra del potosino Carlos Matienzo que fue rodada en Centro Cultural de Tamalet\u00f3m en la Huasteca y que refleja una expresi\u00f3n de la cultura y tradiciones de las comunidades ind\u00edgenas.<\/p>\n\n\n\n<p>El cortometraje Bajudh, que se proyect\u00f3 en la inauguraci\u00f3n de la nueva sede de la Cineteca Nacional, narra la historia de Bajudh, una mujer T\u00e9nek residente de la comunidad de Tamalet\u00f3m, que desde su infancia ha sido testigo de las tradiciones que acogen a su pueblo: \u201cS\u00f3lo los hombres pueden ser parte de la danza Bixom T\u2019iw \u00f3 Danza del Gavil\u00e1n\u201d y que descubrir\u00e1 que no es la \u00fanica mujer de su familia que lo ha intentado, lo que la llevar\u00e1 a tomar una decisi\u00f3n, luchar contra corriente o acatar las reglas de la estructura social.<\/p>\n\n\n\n<p>En la Ciudad de M\u00e9xico, la ceremonia de inauguraci\u00f3n de este nuevo espacio, nueva sede de la Cineteca Nacional, contar\u00e1 con una capacidad para dos mil 300 espectadores, ocho salas, restaurante, cafeter\u00eda, librer\u00eda, videoteca, donde adem\u00e1s se ubica la nueva Bodega Nacional de Arte y el Foro al Aire Libre.<\/p>\n\n\n\n<p>La cuarta secci\u00f3n del Bosque de Chapultepec, coincide con el esfuerzo de la administraci\u00f3n estatal que dirige Ricardo Gallardo Cardona, para promover el rescate de los parques y la red de espacios de recreaci\u00f3n en las cuatro regiones, y es una muestra m\u00e1s del talento de los potosinos para seguir conquistando espacios a nivel nacional e internacional con el apoyo del Gobierno Estatal.<\/p>\n","protected":false},"excerpt":{"rendered":"<p>El cortometraje Bajudh narra la historia de una mujer T\u00e9nek residente de Tamalet\u00f3m, que desde su infancia ha sido testigo de las tradiciones que acogen a su pueblo<\/p>\n","protected":false},"author":4,"featured_media":30225,"comment_status":"closed","ping_status":"closed","sticky":false,"template":"","format":"standard","meta":{"_et_pb_use_builder":"off","_et_pb_old_content":"","_et_gb_content_width":"","footnotes":""},"categories":[280],"tags":[72,66,200],"class_list":["post-30224","post","type-post","status-publish","format-standard","has-post-thumbnail","hentry","category-gob-slp","tag-gobierno-del-estado","tag-san-luis-potosi","tag-secult"],"_links":{"self":[{"href":"https:\/\/gerardoduque.com.mx\/index.php?rest_route=\/wp\/v2\/posts\/30224","targetHints":{"allow":["GET"]}}],"collection":[{"href":"https:\/\/gerardoduque.com.mx\/index.php?rest_route=\/wp\/v2\/posts"}],"about":[{"href":"https:\/\/gerardoduque.com.mx\/index.php?rest_route=\/wp\/v2\/types\/post"}],"author":[{"embeddable":true,"href":"https:\/\/gerardoduque.com.mx\/index.php?rest_route=\/wp\/v2\/users\/4"}],"replies":[{"embeddable":true,"href":"https:\/\/gerardoduque.com.mx\/index.php?rest_route=%2Fwp%2Fv2%2Fcomments&post=30224"}],"version-history":[{"count":0,"href":"https:\/\/gerardoduque.com.mx\/index.php?rest_route=\/wp\/v2\/posts\/30224\/revisions"}],"wp:featuredmedia":[{"embeddable":true,"href":"https:\/\/gerardoduque.com.mx\/index.php?rest_route=\/wp\/v2\/media\/30225"}],"wp:attachment":[{"href":"https:\/\/gerardoduque.com.mx\/index.php?rest_route=%2Fwp%2Fv2%2Fmedia&parent=30224"}],"wp:term":[{"taxonomy":"category","embeddable":true,"href":"https:\/\/gerardoduque.com.mx\/index.php?rest_route=%2Fwp%2Fv2%2Fcategories&post=30224"},{"taxonomy":"post_tag","embeddable":true,"href":"https:\/\/gerardoduque.com.mx\/index.php?rest_route=%2Fwp%2Fv2%2Ftags&post=30224"}],"curies":[{"name":"wp","href":"https:\/\/api.w.org\/{rel}","templated":true}]}}