{"id":30215,"date":"2024-09-27T05:28:00","date_gmt":"2024-09-27T11:28:00","guid":{"rendered":"https:\/\/gerardoduque.com.mx\/?p=30215"},"modified":"2024-09-26T20:32:11","modified_gmt":"2024-09-27T02:32:11","slug":"supervisan-demolicion-de-vivienda-afectada-en-accidente-vehicular","status":"publish","type":"post","link":"https:\/\/gerardoduque.com.mx\/?p=30215","title":{"rendered":"SUPERVISAN DEMOLICI\u00d3N DE VIVIENDA AFECTADA EN ACCIDENTE VEHICULAR"},"content":{"rendered":"\n<p>La Coordinaci\u00f3n Estatal de Protecci\u00f3n Civil colabor\u00f3 con la Fiscal\u00eda General del Estado en verificar las medidas de seguridad establecidas en la Ley del Sistema Estatal de Protecci\u00f3n Civil, para la demolici\u00f3n de la vivienda que fue impactada por un tr\u00e1iler en meses pasados.<\/p>\n\n\n\n<p>El director de la dependencia inform\u00f3 que desde que ocurri\u00f3 el accidente la dependencia apoy\u00f3 en las labores de rescate y, posteriormente, colabor\u00f3 con la FGE para los dict\u00e1menes estructurales de los inmuebles que resultaron afectados.<\/p>\n\n\n\n<p>Este jueves, personal de Protecci\u00f3n Civil del Estado, revis\u00f3 que la empresa encargada de la demolici\u00f3n tuviera las medidas de seguridad y de esta manera evitar poner en riesgo la integridad de personas trabajadoras o transe\u00fantes, por lo que la zona fue acordonada y el paso vehicular fue cerrado en la lateral por la Guardia Nacional, y procedieron a demoler la fachada y retiraron el tr\u00e1iler que se impact\u00f3 con la vivienda.<\/p>\n","protected":false},"excerpt":{"rendered":"<p>Se verifican las medidas de seguridad para la demolici\u00f3n de una vivienda que fue impactada en meses pasados por un tr\u00e1iler.<\/p>\n","protected":false},"author":4,"featured_media":30216,"comment_status":"closed","ping_status":"closed","sticky":false,"template":"","format":"standard","meta":{"_et_pb_use_builder":"off","_et_pb_old_content":"","_et_gb_content_width":"","footnotes":""},"categories":[412,280],"tags":[190,72,66],"class_list":["post-30215","post","type-post","status-publish","format-standard","has-post-thumbnail","hentry","category-destacado","category-gob-slp","tag-cepc","tag-gobierno-del-estado","tag-san-luis-potosi"],"_links":{"self":[{"href":"https:\/\/gerardoduque.com.mx\/index.php?rest_route=\/wp\/v2\/posts\/30215","targetHints":{"allow":["GET"]}}],"collection":[{"href":"https:\/\/gerardoduque.com.mx\/index.php?rest_route=\/wp\/v2\/posts"}],"about":[{"href":"https:\/\/gerardoduque.com.mx\/index.php?rest_route=\/wp\/v2\/types\/post"}],"author":[{"embeddable":true,"href":"https:\/\/gerardoduque.com.mx\/index.php?rest_route=\/wp\/v2\/users\/4"}],"replies":[{"embeddable":true,"href":"https:\/\/gerardoduque.com.mx\/index.php?rest_route=%2Fwp%2Fv2%2Fcomments&post=30215"}],"version-history":[{"count":0,"href":"https:\/\/gerardoduque.com.mx\/index.php?rest_route=\/wp\/v2\/posts\/30215\/revisions"}],"wp:featuredmedia":[{"embeddable":true,"href":"https:\/\/gerardoduque.com.mx\/index.php?rest_route=\/wp\/v2\/media\/30216"}],"wp:attachment":[{"href":"https:\/\/gerardoduque.com.mx\/index.php?rest_route=%2Fwp%2Fv2%2Fmedia&parent=30215"}],"wp:term":[{"taxonomy":"category","embeddable":true,"href":"https:\/\/gerardoduque.com.mx\/index.php?rest_route=%2Fwp%2Fv2%2Fcategories&post=30215"},{"taxonomy":"post_tag","embeddable":true,"href":"https:\/\/gerardoduque.com.mx\/index.php?rest_route=%2Fwp%2Fv2%2Ftags&post=30215"}],"curies":[{"name":"wp","href":"https:\/\/api.w.org\/{rel}","templated":true}]}}