{"id":30182,"date":"2024-09-26T06:44:22","date_gmt":"2024-09-26T12:44:22","guid":{"rendered":"https:\/\/gerardoduque.com.mx\/?p=30182"},"modified":"2024-09-26T06:44:25","modified_gmt":"2024-09-26T12:44:25","slug":"autoridades-atendieron-volcadura-de-autobus-de-turismo-en-el-tramo-la-hincada-el-naranjo","status":"publish","type":"post","link":"https:\/\/gerardoduque.com.mx\/?p=30182","title":{"rendered":"AUTORIDADES ATENDIERON VOLCADURA DE AUTOB\u00daS DE TURISMO EN EL TRAMO LA HINCADA-El NARANJO"},"content":{"rendered":"\n<p>La Coordinaci\u00f3n Estatal de Protecci\u00f3n Civil y cuerpos de emergencia atienden la volcadura de un autob\u00fas de turismo en el tramo La Hincada-El Naranjo a 50 kil\u00f3metros de Ciudad Valles, el cual ven\u00eda de la Ciudad de M\u00e9xico, en el que se trasladaban 41 pasajeros, originarios de la delegaci\u00f3n Tl\u00e1huac.<\/p>\n\n\n\n<p>La dependencia detall\u00f3 que los turistas regresaban de El Naranjo y se dirig\u00edan a Ciudad Valles. El conductor de la empresa Serturex perdi\u00f3 el control de la unidad, por lo que sali\u00f3 del camino, cayendo al arroyo, en el lugar resultaron lesionados 25 personas y al momento no se tienen p\u00e9rdidas humanas.<\/p>\n\n\n\n<p>La Secretar\u00eda de Turismo inform\u00f3 que las autoridades locales, cuerpos de emergencia y personal de Protecci\u00f3n Civil Estatal, junto con el equipo de esta dependencia, acudieron al lugar de los hechos para brindar apoyo a las personas afectadas con su traslado a cl\u00ednicas en Ciudad Valles, as\u00ed como con apoyo log\u00edstico para las familias de las personas involucradas.<\/p>\n","protected":false},"excerpt":{"rendered":"<p>Se tiene el reporte de 25 personas lesionadas.<\/p>\n","protected":false},"author":4,"featured_media":30183,"comment_status":"closed","ping_status":"closed","sticky":false,"template":"","format":"standard","meta":{"_et_pb_use_builder":"off","_et_pb_old_content":"","_et_gb_content_width":"","footnotes":""},"categories":[280],"tags":[72,66,316],"class_list":["post-30182","post","type-post","status-publish","format-standard","has-post-thumbnail","hentry","category-gob-slp","tag-gobierno-del-estado","tag-san-luis-potosi","tag-sectur"],"_links":{"self":[{"href":"https:\/\/gerardoduque.com.mx\/index.php?rest_route=\/wp\/v2\/posts\/30182","targetHints":{"allow":["GET"]}}],"collection":[{"href":"https:\/\/gerardoduque.com.mx\/index.php?rest_route=\/wp\/v2\/posts"}],"about":[{"href":"https:\/\/gerardoduque.com.mx\/index.php?rest_route=\/wp\/v2\/types\/post"}],"author":[{"embeddable":true,"href":"https:\/\/gerardoduque.com.mx\/index.php?rest_route=\/wp\/v2\/users\/4"}],"replies":[{"embeddable":true,"href":"https:\/\/gerardoduque.com.mx\/index.php?rest_route=%2Fwp%2Fv2%2Fcomments&post=30182"}],"version-history":[{"count":0,"href":"https:\/\/gerardoduque.com.mx\/index.php?rest_route=\/wp\/v2\/posts\/30182\/revisions"}],"wp:featuredmedia":[{"embeddable":true,"href":"https:\/\/gerardoduque.com.mx\/index.php?rest_route=\/wp\/v2\/media\/30183"}],"wp:attachment":[{"href":"https:\/\/gerardoduque.com.mx\/index.php?rest_route=%2Fwp%2Fv2%2Fmedia&parent=30182"}],"wp:term":[{"taxonomy":"category","embeddable":true,"href":"https:\/\/gerardoduque.com.mx\/index.php?rest_route=%2Fwp%2Fv2%2Fcategories&post=30182"},{"taxonomy":"post_tag","embeddable":true,"href":"https:\/\/gerardoduque.com.mx\/index.php?rest_route=%2Fwp%2Fv2%2Ftags&post=30182"}],"curies":[{"name":"wp","href":"https:\/\/api.w.org\/{rel}","templated":true}]}}