{"id":30176,"date":"2024-09-26T06:34:24","date_gmt":"2024-09-26T12:34:24","guid":{"rendered":"https:\/\/gerardoduque.com.mx\/?p=30176"},"modified":"2024-09-26T06:34:27","modified_gmt":"2024-09-26T12:34:27","slug":"sedena-iniciara-campana-de-canje-de-armas","status":"publish","type":"post","link":"https:\/\/gerardoduque.com.mx\/?p=30176","title":{"rendered":"SEDENA INICIAR\u00c1 CAMPA\u00d1A DE CANJE DE ARMAS"},"content":{"rendered":"\n<p>La XII Zona Militar de la Secretar\u00eda de la Defensa Nacional y el Gobierno del Estado, iniciaron la campa\u00f1a \u201cCanje de Armas 2024\u201d, que ser\u00e1 escalonada en los municipios de Soledad de Graciano S\u00e1nchez, Matehuala, San Luis Potos\u00ed, Salinas, Zaragoza, Vanegas, Cerritos, Charcas, Moctezuma y Venado.<\/p>\n\n\n\n<p>Esta estrategia permite trabajar de forma preventiva y coordinada en el acopio de armas o artefactos que representan un riesgo para los potosinos a cambio de dinero o aparatos electrodom\u00e9sticos, y las armas o explosivos son destruidos en el mismo sitio a la vista de los ciudadanos.<\/p>\n\n\n\n<p>A trav\u00e9s de esta campa\u00f1a, se realiza un esfuerzo para concientizar a la poblaci\u00f3n sobre los factores de riesgo social que representa la posesi\u00f3n y uso de armas de fuego, adem\u00e1s subray\u00f3 que esta es una campa\u00f1a an\u00f3nima, voluntaria y sin represalias, lo que significa que no se cuestiona el origen ni forma en que se adquiri\u00f3 el arma o explosivo.<\/p>\n\n\n\n<p>La campa\u00f1a ser\u00e1 a partir de este 25 de septiembre en las siguientes sedes: San Luis Potos\u00ed del 25 de septiembre al 6 de octubre; Soledad de Graciano S\u00e1nchez, del 7 al 13 de octubre; Matehuala, del 14 al 20 de octubre; Salinas, del 21 al 27 de octubre; Villa de Zaragoza, del 28 de octubre al 3 de noviembre; Vanegas, del 4 al 10 de noviembre; Cerritos, del 11 al 17 de noviembre; Charcas del 18 al 24 de noviembre; Venado, del 25 de noviembre al 1 de diciembre y Moctezuma, del 2 al 8 de diciembre.<\/p>\n","protected":false},"excerpt":{"rendered":"<p>Estar\u00e1 vigente del 25 de septiembre al 8 de diciembre en Soledad, Matehuala, San Luis Potos\u00ed, Salinas, Zaragoza, Vanegas, Cerritos, Charcas, Moctezuma y Venado<\/p>\n","protected":false},"author":4,"featured_media":30177,"comment_status":"closed","ping_status":"closed","sticky":false,"template":"","format":"standard","meta":{"_et_pb_use_builder":"off","_et_pb_old_content":"","_et_gb_content_width":"","footnotes":""},"categories":[280],"tags":[72,66,172],"class_list":["post-30176","post","type-post","status-publish","format-standard","has-post-thumbnail","hentry","category-gob-slp","tag-gobierno-del-estado","tag-san-luis-potosi","tag-sedena"],"_links":{"self":[{"href":"https:\/\/gerardoduque.com.mx\/index.php?rest_route=\/wp\/v2\/posts\/30176","targetHints":{"allow":["GET"]}}],"collection":[{"href":"https:\/\/gerardoduque.com.mx\/index.php?rest_route=\/wp\/v2\/posts"}],"about":[{"href":"https:\/\/gerardoduque.com.mx\/index.php?rest_route=\/wp\/v2\/types\/post"}],"author":[{"embeddable":true,"href":"https:\/\/gerardoduque.com.mx\/index.php?rest_route=\/wp\/v2\/users\/4"}],"replies":[{"embeddable":true,"href":"https:\/\/gerardoduque.com.mx\/index.php?rest_route=%2Fwp%2Fv2%2Fcomments&post=30176"}],"version-history":[{"count":0,"href":"https:\/\/gerardoduque.com.mx\/index.php?rest_route=\/wp\/v2\/posts\/30176\/revisions"}],"wp:featuredmedia":[{"embeddable":true,"href":"https:\/\/gerardoduque.com.mx\/index.php?rest_route=\/wp\/v2\/media\/30177"}],"wp:attachment":[{"href":"https:\/\/gerardoduque.com.mx\/index.php?rest_route=%2Fwp%2Fv2%2Fmedia&parent=30176"}],"wp:term":[{"taxonomy":"category","embeddable":true,"href":"https:\/\/gerardoduque.com.mx\/index.php?rest_route=%2Fwp%2Fv2%2Fcategories&post=30176"},{"taxonomy":"post_tag","embeddable":true,"href":"https:\/\/gerardoduque.com.mx\/index.php?rest_route=%2Fwp%2Fv2%2Ftags&post=30176"}],"curies":[{"name":"wp","href":"https:\/\/api.w.org\/{rel}","templated":true}]}}