{"id":30172,"date":"2024-09-25T12:43:08","date_gmt":"2024-09-25T18:43:08","guid":{"rendered":"https:\/\/gerardoduque.com.mx\/?p=30172"},"modified":"2024-09-25T12:43:12","modified_gmt":"2024-09-25T18:43:12","slug":"slp-participa-en-congreso-sobre-finanzas-sostenibles-y-solidarias","status":"publish","type":"post","link":"https:\/\/gerardoduque.com.mx\/?p=30172","title":{"rendered":"SLP PARTICIPA EN CONGRESO SOBRE FINANZAS SOSTENIBLES Y SOLIDARIAS"},"content":{"rendered":"\n<p>La Secretar\u00eda de Finanzas del Estado particip\u00f3 en la jornada de sesiones \u201cJuventudESS por las Finanzas Sostenibles y Solidarias\u201d, un evento organizado por la Secretar\u00eda de Bienestar y el Instituto Nacional de la Econom\u00eda Social, que se realiz\u00f3 en la Ciudad de M\u00e9xico y estuvo dirigido a j\u00f3venes de 23 y 35 a\u00f1os, provenientes de 18 entidades federativas.<\/p>\n\n\n\n<p>El prop\u00f3sito de JuventudESS es crear espacios de di\u00e1logo e intercambio de experiencias, promoviendo una mirada cr\u00edtica sobre el sistema econ\u00f3mico y financiero actual, que incluy\u00f3 en sus sesiones talleres te\u00f3rico-pr\u00e1cticos y conversatorios encaminados a fortalecer las finanzas sostenibles y solidarias como una herramienta para disminuir las vulnerabilidades econ\u00f3micas y sociales.<\/p>\n\n\n\n<p>La representante de la Secretar\u00eda de Finanzas de San Luis Potos\u00ed, destac\u00f3 que el Gobierno del Estado implementa pol\u00edticas p\u00fablicas con perspectiva social para disminuir desigualdades y desequilibrios regionales, adem\u00e1s de impulsar el crecimiento equilibrado de las regiones con el apoyo y coordinaci\u00f3n de los diferentes \u00f3rdenes de gobierno y sector privado<\/p>\n","protected":false},"excerpt":{"rendered":"<p>En un encuentro que se desarroll\u00f3 en la Ciudad de M\u00e9xico, SLP destac\u00f3 la implementaci\u00f3n de pol\u00edticas p\u00fablicas con perspectiva social para disminuir desigualdades y desequilibrios regionales<\/p>\n","protected":false},"author":4,"featured_media":30173,"comment_status":"closed","ping_status":"closed","sticky":false,"template":"","format":"standard","meta":{"_et_pb_use_builder":"off","_et_pb_old_content":"","_et_gb_content_width":"","footnotes":""},"categories":[280],"tags":[72,66,132],"class_list":["post-30172","post","type-post","status-publish","format-standard","has-post-thumbnail","hentry","category-gob-slp","tag-gobierno-del-estado","tag-san-luis-potosi","tag-sefin"],"_links":{"self":[{"href":"https:\/\/gerardoduque.com.mx\/index.php?rest_route=\/wp\/v2\/posts\/30172","targetHints":{"allow":["GET"]}}],"collection":[{"href":"https:\/\/gerardoduque.com.mx\/index.php?rest_route=\/wp\/v2\/posts"}],"about":[{"href":"https:\/\/gerardoduque.com.mx\/index.php?rest_route=\/wp\/v2\/types\/post"}],"author":[{"embeddable":true,"href":"https:\/\/gerardoduque.com.mx\/index.php?rest_route=\/wp\/v2\/users\/4"}],"replies":[{"embeddable":true,"href":"https:\/\/gerardoduque.com.mx\/index.php?rest_route=%2Fwp%2Fv2%2Fcomments&post=30172"}],"version-history":[{"count":0,"href":"https:\/\/gerardoduque.com.mx\/index.php?rest_route=\/wp\/v2\/posts\/30172\/revisions"}],"wp:featuredmedia":[{"embeddable":true,"href":"https:\/\/gerardoduque.com.mx\/index.php?rest_route=\/wp\/v2\/media\/30173"}],"wp:attachment":[{"href":"https:\/\/gerardoduque.com.mx\/index.php?rest_route=%2Fwp%2Fv2%2Fmedia&parent=30172"}],"wp:term":[{"taxonomy":"category","embeddable":true,"href":"https:\/\/gerardoduque.com.mx\/index.php?rest_route=%2Fwp%2Fv2%2Fcategories&post=30172"},{"taxonomy":"post_tag","embeddable":true,"href":"https:\/\/gerardoduque.com.mx\/index.php?rest_route=%2Fwp%2Fv2%2Ftags&post=30172"}],"curies":[{"name":"wp","href":"https:\/\/api.w.org\/{rel}","templated":true}]}}