{"id":30169,"date":"2024-09-25T12:39:26","date_gmt":"2024-09-25T18:39:26","guid":{"rendered":"https:\/\/gerardoduque.com.mx\/?p=30169"},"modified":"2024-09-25T12:39:29","modified_gmt":"2024-09-25T18:39:29","slug":"programa-de-descuentos-en-testamentos-se-extendera-hasta-diciembre","status":"publish","type":"post","link":"https:\/\/gerardoduque.com.mx\/?p=30169","title":{"rendered":"PROGRAMA DE DESCUENTOS EN TESTAMENTOS SE EXTENDER\u00c1 HASTA DICIEMBRE"},"content":{"rendered":"\n<p>Para acercar m\u00e1s apoyo en favor de paisanos potosinos, el Instituto de Migraci\u00f3n y Enlace Internacional habilit\u00f3 el programa testamento migrante, que estar\u00e1 disponible hasta el mes de diciembre, en coordinaci\u00f3n con el Colegio de Notarios de San Luis Potos\u00ed que realiza la Jornada Notarial, que va dirigida tambi\u00e9n a los potosinos en general.<\/p>\n\n\n\n<p>De septiembre a diciembre habr\u00e1 descuentos del 15 por ciento en honorarios notariales, adem\u00e1s de un precio especial de dos mil pesos que incluye honorarios, IVA e impuestos por instrumentos jur\u00eddicos, para que los connacionales aprovechen esta oportunidad y realicen su testamento.<\/p>\n\n\n\n<p>El Colegio de Notarios de San Luis Potos\u00ed ha reiterado su compromiso para trabajar con agilidad en la expedici\u00f3n de este documento, siempre y cuando se acredite debidamente el expediente sobre su patrimonio y dem\u00e1s bienes.<\/p>\n","protected":false},"excerpt":{"rendered":"<p>De septiembre a diciembre estar\u00e1 vigente la Jornada Notarial que ofrece expedici\u00f3n del testamento con agilidad y precio accesible<\/p>\n","protected":false},"author":4,"featured_media":30170,"comment_status":"closed","ping_status":"closed","sticky":false,"template":"","format":"standard","meta":{"_et_pb_use_builder":"off","_et_pb_old_content":"","_et_gb_content_width":"","footnotes":""},"categories":[280],"tags":[72,268,66],"class_list":["post-30169","post","type-post","status-publish","format-standard","has-post-thumbnail","hentry","category-gob-slp","tag-gobierno-del-estado","tag-imei","tag-san-luis-potosi"],"_links":{"self":[{"href":"https:\/\/gerardoduque.com.mx\/index.php?rest_route=\/wp\/v2\/posts\/30169","targetHints":{"allow":["GET"]}}],"collection":[{"href":"https:\/\/gerardoduque.com.mx\/index.php?rest_route=\/wp\/v2\/posts"}],"about":[{"href":"https:\/\/gerardoduque.com.mx\/index.php?rest_route=\/wp\/v2\/types\/post"}],"author":[{"embeddable":true,"href":"https:\/\/gerardoduque.com.mx\/index.php?rest_route=\/wp\/v2\/users\/4"}],"replies":[{"embeddable":true,"href":"https:\/\/gerardoduque.com.mx\/index.php?rest_route=%2Fwp%2Fv2%2Fcomments&post=30169"}],"version-history":[{"count":0,"href":"https:\/\/gerardoduque.com.mx\/index.php?rest_route=\/wp\/v2\/posts\/30169\/revisions"}],"wp:featuredmedia":[{"embeddable":true,"href":"https:\/\/gerardoduque.com.mx\/index.php?rest_route=\/wp\/v2\/media\/30170"}],"wp:attachment":[{"href":"https:\/\/gerardoduque.com.mx\/index.php?rest_route=%2Fwp%2Fv2%2Fmedia&parent=30169"}],"wp:term":[{"taxonomy":"category","embeddable":true,"href":"https:\/\/gerardoduque.com.mx\/index.php?rest_route=%2Fwp%2Fv2%2Fcategories&post=30169"},{"taxonomy":"post_tag","embeddable":true,"href":"https:\/\/gerardoduque.com.mx\/index.php?rest_route=%2Fwp%2Fv2%2Ftags&post=30169"}],"curies":[{"name":"wp","href":"https:\/\/api.w.org\/{rel}","templated":true}]}}