{"id":30166,"date":"2024-09-25T12:35:23","date_gmt":"2024-09-25T18:35:23","guid":{"rendered":"https:\/\/gerardoduque.com.mx\/?p=30166"},"modified":"2024-09-25T12:35:26","modified_gmt":"2024-09-25T18:35:26","slug":"mantendran-trabajo-sobre-la-alerta-de-violencia-de-genero-contra-las-mujeres-en-municipios","status":"publish","type":"post","link":"https:\/\/gerardoduque.com.mx\/?p=30166","title":{"rendered":"MANTENDR\u00c1N TRABAJO SOBRE LA ALERTA DE VIOLENCIA DE G\u00c9NERO CONTRA LAS MUJERES EN MUNICIPIOS"},"content":{"rendered":"\n<p>El Instituto de las Mujeres del Estado particip\u00f3 en la LIII Sesi\u00f3n Ordinaria del Sistema Nacional de Prevenci\u00f3n, Atenci\u00f3n, Sanci\u00f3n y Erradicaci\u00f3n de la Violencia Contra las Mujeres donde destac\u00f3 el seguimiento al trabajo realizado desde el mecanismo de la Alerta de Violencia de G\u00e9nero contra las Mujeres para brindar m\u00e1s apoyo a ni\u00f1as, adolescentes y mujeres potosinas.<\/p>\n\n\n\n<p>Al evento organizado por la Secretar\u00eda de Gobernaci\u00f3n y la Comisi\u00f3n Nacional para Prevenir y Erradicar la Violencia contra las Mujeres, acudi\u00f3 la titular del Imes quien afirm\u00f3 que en b\u00fasqueda de dar cumplimiento a las pol\u00edticas de igualdad y cero tolerancia a la violencia contra las mujeres, fue avalado el levantamiento de la Alerta de Violencia de G\u00e9nero contra las Mujeres en Matehuala, Tamu\u00edn y Tamazunchale.<\/p>\n\n\n\n<p>La dependencia dar\u00e1 acompa\u00f1amiento a estos municipios y fortalecer\u00e1 el trabajo en los que a\u00fan cuentan con el mecanismo declarado desde 2017, para garantizar que las mujeres potosinas se desarrollen de manera plena en espacios libres de violencia.<\/p>\n","protected":false},"excerpt":{"rendered":"<p>Se dar\u00e1 acompa\u00f1amiento a estos municipios y fortalecer\u00e1 el trabajo en los que a\u00fan cuentan con el mecanismo declarado desde 2017.<\/p>\n","protected":false},"author":4,"featured_media":30167,"comment_status":"closed","ping_status":"closed","sticky":false,"template":"","format":"standard","meta":{"_et_pb_use_builder":"off","_et_pb_old_content":"","_et_gb_content_width":"","footnotes":""},"categories":[280],"tags":[72,70,66],"class_list":["post-30166","post","type-post","status-publish","format-standard","has-post-thumbnail","hentry","category-gob-slp","tag-gobierno-del-estado","tag-imes","tag-san-luis-potosi"],"_links":{"self":[{"href":"https:\/\/gerardoduque.com.mx\/index.php?rest_route=\/wp\/v2\/posts\/30166","targetHints":{"allow":["GET"]}}],"collection":[{"href":"https:\/\/gerardoduque.com.mx\/index.php?rest_route=\/wp\/v2\/posts"}],"about":[{"href":"https:\/\/gerardoduque.com.mx\/index.php?rest_route=\/wp\/v2\/types\/post"}],"author":[{"embeddable":true,"href":"https:\/\/gerardoduque.com.mx\/index.php?rest_route=\/wp\/v2\/users\/4"}],"replies":[{"embeddable":true,"href":"https:\/\/gerardoduque.com.mx\/index.php?rest_route=%2Fwp%2Fv2%2Fcomments&post=30166"}],"version-history":[{"count":0,"href":"https:\/\/gerardoduque.com.mx\/index.php?rest_route=\/wp\/v2\/posts\/30166\/revisions"}],"wp:featuredmedia":[{"embeddable":true,"href":"https:\/\/gerardoduque.com.mx\/index.php?rest_route=\/wp\/v2\/media\/30167"}],"wp:attachment":[{"href":"https:\/\/gerardoduque.com.mx\/index.php?rest_route=%2Fwp%2Fv2%2Fmedia&parent=30166"}],"wp:term":[{"taxonomy":"category","embeddable":true,"href":"https:\/\/gerardoduque.com.mx\/index.php?rest_route=%2Fwp%2Fv2%2Fcategories&post=30166"},{"taxonomy":"post_tag","embeddable":true,"href":"https:\/\/gerardoduque.com.mx\/index.php?rest_route=%2Fwp%2Fv2%2Ftags&post=30166"}],"curies":[{"name":"wp","href":"https:\/\/api.w.org\/{rel}","templated":true}]}}