{"id":30160,"date":"2024-09-25T12:21:45","date_gmt":"2024-09-25T18:21:45","guid":{"rendered":"https:\/\/gerardoduque.com.mx\/?p=30160"},"modified":"2024-09-25T12:21:48","modified_gmt":"2024-09-25T18:21:48","slug":"estado-genera-alianza-con-guias-turisticos-de-la-huasteca","status":"publish","type":"post","link":"https:\/\/gerardoduque.com.mx\/?p=30160","title":{"rendered":"ESTADO GENERA ALIANZA CON GU\u00cdAS TUR\u00cdSTICOS DE LA HUASTECA"},"content":{"rendered":"\n<p>Para fortalecer la experiencia tur\u00edstica en la Huasteca, la Secretar\u00eda de Turismo gener\u00f3 una alianza estrat\u00e9gica con gu\u00edas tur\u00edsticos locales con la que buscan mejorar la calidad de atenci\u00f3n a los visitantes, preservar los sitios naturales y generar infraestructura adecuada en los parajes.<\/p>\n\n\n\n<p>Con la participaci\u00f3n de alrededor de 50 gu\u00edas de turistas, en Ciudad Valles, la titular de la dependencia destac\u00f3 la importancia de cerrar filas ante un entorno cada vez m\u00e1s competitivo y complejo, lleno de retos y exigencias.<\/p>\n\n\n\n<p>Durante el encuentro, los gu\u00edas manifestaron su compromiso para coordinar esfuerzos con la Sectur en la creaci\u00f3n de pr\u00e1cticas que aseguren la preservaci\u00f3n de los espacios naturales, evitando su sobreexplotaci\u00f3n y promoviendo un turismo responsable, adem\u00e1s de incentivar el desarrollo de infraestructura en los parajes m\u00e1s visitados, mejorando las condiciones para los turistas y asegurando un manejo sostenible de los recursos.<\/p>\n\n\n\n<p>Se destac\u00f3 la importancia de la colaboraci\u00f3n y present\u00f3 el programa de trabajo del Comit\u00e9 de Prestadores de Servicios Tur\u00edsticos que incluye acciones concretas para mejorar la oferta de servicios tur\u00edsticos, capacitar a gu\u00edas y operadores, y promover el respeto y cuidado de los atractivos naturales.<\/p>\n","protected":false},"excerpt":{"rendered":"<p>Trabajar\u00e1n con la Sectur para elevar la calidad del servicio y preservar los parajes naturales en apoyo a los potosinos, as\u00ed como visitantes.<\/p>\n","protected":false},"author":4,"featured_media":30161,"comment_status":"closed","ping_status":"closed","sticky":false,"template":"","format":"standard","meta":{"_et_pb_use_builder":"off","_et_pb_old_content":"","_et_gb_content_width":"","footnotes":""},"categories":[280],"tags":[72,66,216],"class_list":["post-30160","post","type-post","status-publish","format-standard","has-post-thumbnail","hentry","category-gob-slp","tag-gobierno-del-estado","tag-san-luis-potosi","tag-sct"],"_links":{"self":[{"href":"https:\/\/gerardoduque.com.mx\/index.php?rest_route=\/wp\/v2\/posts\/30160","targetHints":{"allow":["GET"]}}],"collection":[{"href":"https:\/\/gerardoduque.com.mx\/index.php?rest_route=\/wp\/v2\/posts"}],"about":[{"href":"https:\/\/gerardoduque.com.mx\/index.php?rest_route=\/wp\/v2\/types\/post"}],"author":[{"embeddable":true,"href":"https:\/\/gerardoduque.com.mx\/index.php?rest_route=\/wp\/v2\/users\/4"}],"replies":[{"embeddable":true,"href":"https:\/\/gerardoduque.com.mx\/index.php?rest_route=%2Fwp%2Fv2%2Fcomments&post=30160"}],"version-history":[{"count":0,"href":"https:\/\/gerardoduque.com.mx\/index.php?rest_route=\/wp\/v2\/posts\/30160\/revisions"}],"wp:featuredmedia":[{"embeddable":true,"href":"https:\/\/gerardoduque.com.mx\/index.php?rest_route=\/wp\/v2\/media\/30161"}],"wp:attachment":[{"href":"https:\/\/gerardoduque.com.mx\/index.php?rest_route=%2Fwp%2Fv2%2Fmedia&parent=30160"}],"wp:term":[{"taxonomy":"category","embeddable":true,"href":"https:\/\/gerardoduque.com.mx\/index.php?rest_route=%2Fwp%2Fv2%2Fcategories&post=30160"},{"taxonomy":"post_tag","embeddable":true,"href":"https:\/\/gerardoduque.com.mx\/index.php?rest_route=%2Fwp%2Fv2%2Ftags&post=30160"}],"curies":[{"name":"wp","href":"https:\/\/api.w.org\/{rel}","templated":true}]}}