{"id":30153,"date":"2024-09-25T06:48:50","date_gmt":"2024-09-25T12:48:50","guid":{"rendered":"https:\/\/gerardoduque.com.mx\/?p=30153"},"modified":"2024-09-25T06:48:54","modified_gmt":"2024-09-25T12:48:54","slug":"slp-participa-en-la-vi-jornada-interreligiosa-por-la-paz-2024","status":"publish","type":"post","link":"https:\/\/gerardoduque.com.mx\/?p=30153","title":{"rendered":"SLP PARTICIPA EN LA VI JORNADA INTERRELIGIOSA POR LA PAZ 2024"},"content":{"rendered":"\n<p>En el marco de las celebraciones por el D\u00eda Internacional de la Paz, San Luis Potos\u00ed a trav\u00e9s de la Direcci\u00f3n General de Gobernaci\u00f3n particip\u00f3 en el VI Encuentro Interreligioso por la Paz en la Ciudad de M\u00e9xico, convocado por la Secretar\u00eda de Gobernaci\u00f3n a trav\u00e9s de la Direcci\u00f3n General de Asuntos Religiosos.<\/p>\n\n\n\n<p>El responsable de Asuntos Religiosos de la Direcci\u00f3n General de Gobernaci\u00f3n inform\u00f3 que la participaci\u00f3n de la entidad potosina en dicho evento es importante para fortalecer la Estrategia Integral de Seguridad, ya que se genera un espacio de encuentro entre integrantes de distintas expresiones religiosas para intercambiar experiencias y crear v\u00ednculos.<\/p>\n\n\n\n<p>Adem\u00e1s, se establecen relaciones con grupos de la sociedad civil y los tres niveles de Gobierno que contribuyen a la construcci\u00f3n de la paz y tranquilidad en apoyo a la ciudadan\u00eda. San Luis Potos\u00ed se integr\u00f3 la Red de Constructores de Paz, conformado por representantes de las distintas religiones con presencia en M\u00e9xico y representantes de los 32 estados de la Rep\u00fablica Mexicana y entre las propuestas presentadas est\u00e1 la necesidad de transversalizar la participaci\u00f3n institucional para atender el tema con pol\u00edticas p\u00fablicas que coadyuven generacionalmente en la poblaci\u00f3n.<\/p>\n","protected":false},"excerpt":{"rendered":"<p>SLP se integr\u00f3 la Red de Constructores de Paz, conformado por representantes de las distintas religiones con presencia en M\u00e9xico y representantes de los 32 estados<\/p>\n","protected":false},"author":4,"featured_media":30154,"comment_status":"closed","ping_status":"closed","sticky":false,"template":"","format":"standard","meta":{"_et_pb_use_builder":"off","_et_pb_old_content":"","_et_gb_content_width":"","footnotes":""},"categories":[280],"tags":[72,66,394],"class_list":["post-30153","post","type-post","status-publish","format-standard","has-post-thumbnail","hentry","category-gob-slp","tag-gobierno-del-estado","tag-san-luis-potosi","tag-sgg"],"_links":{"self":[{"href":"https:\/\/gerardoduque.com.mx\/index.php?rest_route=\/wp\/v2\/posts\/30153","targetHints":{"allow":["GET"]}}],"collection":[{"href":"https:\/\/gerardoduque.com.mx\/index.php?rest_route=\/wp\/v2\/posts"}],"about":[{"href":"https:\/\/gerardoduque.com.mx\/index.php?rest_route=\/wp\/v2\/types\/post"}],"author":[{"embeddable":true,"href":"https:\/\/gerardoduque.com.mx\/index.php?rest_route=\/wp\/v2\/users\/4"}],"replies":[{"embeddable":true,"href":"https:\/\/gerardoduque.com.mx\/index.php?rest_route=%2Fwp%2Fv2%2Fcomments&post=30153"}],"version-history":[{"count":0,"href":"https:\/\/gerardoduque.com.mx\/index.php?rest_route=\/wp\/v2\/posts\/30153\/revisions"}],"wp:featuredmedia":[{"embeddable":true,"href":"https:\/\/gerardoduque.com.mx\/index.php?rest_route=\/wp\/v2\/media\/30154"}],"wp:attachment":[{"href":"https:\/\/gerardoduque.com.mx\/index.php?rest_route=%2Fwp%2Fv2%2Fmedia&parent=30153"}],"wp:term":[{"taxonomy":"category","embeddable":true,"href":"https:\/\/gerardoduque.com.mx\/index.php?rest_route=%2Fwp%2Fv2%2Fcategories&post=30153"},{"taxonomy":"post_tag","embeddable":true,"href":"https:\/\/gerardoduque.com.mx\/index.php?rest_route=%2Fwp%2Fv2%2Ftags&post=30153"}],"curies":[{"name":"wp","href":"https:\/\/api.w.org\/{rel}","templated":true}]}}