{"id":30134,"date":"2024-09-23T18:51:04","date_gmt":"2024-09-24T00:51:04","guid":{"rendered":"https:\/\/gerardoduque.com.mx\/?p=30134"},"modified":"2024-09-23T18:51:07","modified_gmt":"2024-09-24T00:51:07","slug":"kby-industrial-mexico-se-expande-en-san-luis-potosi","status":"publish","type":"post","link":"https:\/\/gerardoduque.com.mx\/?p=30134","title":{"rendered":"KBY INDUSTRIAL M\u00c9XICO SE EXPANDE EN SAN LUIS POTOS\u00cd"},"content":{"rendered":"\n<p>La empresa KBY Industrial M\u00e9xico coloc\u00f3 la primera piedra de su expansi\u00f3n en la entidad potosina, con una inversi\u00f3n superior a los 20 millones de d\u00f3lares y la generaci\u00f3n de m\u00e1s de 100 empleos directos y enriquecer\u00e1 de manera importante la proveedur\u00eda de la industria automotriz en la regi\u00f3n Centro-Baj\u00edo.<\/p>\n\n\n\n<p>Con m\u00e1s de 35 a\u00f1os de experiencia y siendo proveedores de marcas globales como BMW y Tesla, KBY comenzar\u00e1 en la entidad la producci\u00f3n de mil 800 kil\u00f3metros de cable de alta tecnolog\u00eda.<\/p>\n\n\n\n<p>Para 2026, KBY proyecta generar mil empleos adicionales con una segunda fase de expansi\u00f3n que representa una inversi\u00f3n de 100 millones de d\u00f3lares, inform\u00f3 el titular de la Secretar\u00eda de Desarrollo Econ\u00f3mica (Sedeco), Jes\u00fas Salvador Gonz\u00e1lez Mart\u00ednez.<\/p>\n","protected":false},"excerpt":{"rendered":"<p>La empresa KBY Industrial M\u00e9xico coloc\u00f3 la primera piedra de su expansi\u00f3n en la entidad potosina.<\/p>\n","protected":false},"author":4,"featured_media":30135,"comment_status":"closed","ping_status":"closed","sticky":false,"template":"","format":"standard","meta":{"_et_pb_use_builder":"off","_et_pb_old_content":"","_et_gb_content_width":"","footnotes":""},"categories":[280],"tags":[72,66],"class_list":["post-30134","post","type-post","status-publish","format-standard","has-post-thumbnail","hentry","category-gob-slp","tag-gobierno-del-estado","tag-san-luis-potosi"],"_links":{"self":[{"href":"https:\/\/gerardoduque.com.mx\/index.php?rest_route=\/wp\/v2\/posts\/30134","targetHints":{"allow":["GET"]}}],"collection":[{"href":"https:\/\/gerardoduque.com.mx\/index.php?rest_route=\/wp\/v2\/posts"}],"about":[{"href":"https:\/\/gerardoduque.com.mx\/index.php?rest_route=\/wp\/v2\/types\/post"}],"author":[{"embeddable":true,"href":"https:\/\/gerardoduque.com.mx\/index.php?rest_route=\/wp\/v2\/users\/4"}],"replies":[{"embeddable":true,"href":"https:\/\/gerardoduque.com.mx\/index.php?rest_route=%2Fwp%2Fv2%2Fcomments&post=30134"}],"version-history":[{"count":0,"href":"https:\/\/gerardoduque.com.mx\/index.php?rest_route=\/wp\/v2\/posts\/30134\/revisions"}],"wp:featuredmedia":[{"embeddable":true,"href":"https:\/\/gerardoduque.com.mx\/index.php?rest_route=\/wp\/v2\/media\/30135"}],"wp:attachment":[{"href":"https:\/\/gerardoduque.com.mx\/index.php?rest_route=%2Fwp%2Fv2%2Fmedia&parent=30134"}],"wp:term":[{"taxonomy":"category","embeddable":true,"href":"https:\/\/gerardoduque.com.mx\/index.php?rest_route=%2Fwp%2Fv2%2Fcategories&post=30134"},{"taxonomy":"post_tag","embeddable":true,"href":"https:\/\/gerardoduque.com.mx\/index.php?rest_route=%2Fwp%2Fv2%2Ftags&post=30134"}],"curies":[{"name":"wp","href":"https:\/\/api.w.org\/{rel}","templated":true}]}}