{"id":30127,"date":"2024-09-23T13:21:18","date_gmt":"2024-09-23T19:21:18","guid":{"rendered":"https:\/\/gerardoduque.com.mx\/?p=30127"},"modified":"2024-09-23T13:21:22","modified_gmt":"2024-09-23T19:21:22","slug":"continuan-conferencias-para-sensibilizar-a-los-jovenes-sobre-el-suicidio","status":"publish","type":"post","link":"https:\/\/gerardoduque.com.mx\/?p=30127","title":{"rendered":"CONTIN\u00daAN CONFERENCIAS PARA SENSIBILIZAR A LOS J\u00d3VENES SOBRE EL SUICIDIO"},"content":{"rendered":"\n<p>El Instituto Potosino de la Juventud brinda m\u00e1s apoyo a los j\u00f3venes para que tengan un buen desarrollo, adem\u00e1s de que se busca protegerlos de los problemas y desaf\u00edos emocionales que enfrentan, por lo que en el marco del mes de la concientizaci\u00f3n sobre el suicidio organiz\u00f3 una conferencia que tuvo una respuesta positiva por parte de las y los asistentes.<\/p>\n\n\n\n<p>El Inpojuve trabajo en esta conferencia con apoyo del colectivo Fuerza Potosina, en la que los asistentes no solo tuvieron la oportunidad de reflexionar sobre este tema, sino que tambi\u00e9n se involucraron en actividades donde expresaron sus experiencias y recibieron herramientas de apoyo a las que puedan acudir en caso de necesitar ayuda.<\/p>\n\n\n\n<p>El objetivo de este tipo de actividades es sensibilizar a la juventud sobre la importancia de hablar abiertamente de sus emociones y buscar apoyo en momentos de crisis, fomentando una comunidad juvenil m\u00e1s consciente, fuerte y unida.<\/p>\n","protected":false},"excerpt":{"rendered":"<p>En el marco del mes de la concientizaci\u00f3n sobre el suicidio organiz\u00f3 una conferencia que tuvo una respuesta positiva por parte de los asistentes.<\/p>\n","protected":false},"author":4,"featured_media":30128,"comment_status":"closed","ping_status":"closed","sticky":false,"template":"","format":"standard","meta":{"_et_pb_use_builder":"off","_et_pb_old_content":"","_et_gb_content_width":"","footnotes":""},"categories":[280],"tags":[72,335,66],"class_list":["post-30127","post","type-post","status-publish","format-standard","has-post-thumbnail","hentry","category-gob-slp","tag-gobierno-del-estado","tag-inpojuve","tag-san-luis-potosi"],"_links":{"self":[{"href":"https:\/\/gerardoduque.com.mx\/index.php?rest_route=\/wp\/v2\/posts\/30127","targetHints":{"allow":["GET"]}}],"collection":[{"href":"https:\/\/gerardoduque.com.mx\/index.php?rest_route=\/wp\/v2\/posts"}],"about":[{"href":"https:\/\/gerardoduque.com.mx\/index.php?rest_route=\/wp\/v2\/types\/post"}],"author":[{"embeddable":true,"href":"https:\/\/gerardoduque.com.mx\/index.php?rest_route=\/wp\/v2\/users\/4"}],"replies":[{"embeddable":true,"href":"https:\/\/gerardoduque.com.mx\/index.php?rest_route=%2Fwp%2Fv2%2Fcomments&post=30127"}],"version-history":[{"count":0,"href":"https:\/\/gerardoduque.com.mx\/index.php?rest_route=\/wp\/v2\/posts\/30127\/revisions"}],"wp:featuredmedia":[{"embeddable":true,"href":"https:\/\/gerardoduque.com.mx\/index.php?rest_route=\/wp\/v2\/media\/30128"}],"wp:attachment":[{"href":"https:\/\/gerardoduque.com.mx\/index.php?rest_route=%2Fwp%2Fv2%2Fmedia&parent=30127"}],"wp:term":[{"taxonomy":"category","embeddable":true,"href":"https:\/\/gerardoduque.com.mx\/index.php?rest_route=%2Fwp%2Fv2%2Fcategories&post=30127"},{"taxonomy":"post_tag","embeddable":true,"href":"https:\/\/gerardoduque.com.mx\/index.php?rest_route=%2Fwp%2Fv2%2Ftags&post=30127"}],"curies":[{"name":"wp","href":"https:\/\/api.w.org\/{rel}","templated":true}]}}