{"id":30120,"date":"2024-09-23T07:24:21","date_gmt":"2024-09-23T13:24:21","guid":{"rendered":"https:\/\/gerardoduque.com.mx\/?p=30120"},"modified":"2024-09-23T07:24:24","modified_gmt":"2024-09-23T13:24:24","slug":"nombran-a-nuevo-delegado-de-sct-en-la-huasteca-norte","status":"publish","type":"post","link":"https:\/\/gerardoduque.com.mx\/?p=30120","title":{"rendered":"NOMBRAN A NUEVO DELEGADO DE SCT EN LA HUASTECA NORTE"},"content":{"rendered":"\n<p>La Secretar\u00eda de Comunicaciones y Transportes design\u00f3 a Jorge Humberto Anaya Rivera como el nuevo delegado de la Huasteca Norte. La titular de la SCT que con este nombramiento la dependencia buscar\u00e1 mejorar la calidad del servicio y responder de manera puntual a las demandas de los usuarios, as\u00ed como de los transportistas de la regi\u00f3n.<\/p>\n\n\n\n<p>Uno de los principales enfoques de la nueva administraci\u00f3n ser\u00e1 la regularizaci\u00f3n del servicio en la zona, asegurando que todos los operadores cumplan con las normativas vigentes y que los ciudadanos reciban un servicio de transporte eficiente, seguro y accesible.<\/p>\n\n\n\n<p>El Gobierno del Estado inform\u00f3 que contin\u00faa impulsando acciones en las cuatro regiones de San Luis Potos\u00ed para asegurar una movilidad eficaz y segura. En la Huasteca, el enfoque estar\u00e1 en garantizar el acceso al transporte para los grupos m\u00e1s vulnerables, brindando cobertura incluso en las \u00e1reas m\u00e1s remotas de la regi\u00f3n.<\/p>\n","protected":false},"excerpt":{"rendered":"<p>Jorge Humberto Anaya Rivera asumi\u00f3 la titularidad del cargo <\/p>\n","protected":false},"author":4,"featured_media":30121,"comment_status":"closed","ping_status":"closed","sticky":false,"template":"","format":"standard","meta":{"_et_pb_use_builder":"off","_et_pb_old_content":"","_et_gb_content_width":"","footnotes":""},"categories":[280],"tags":[72,66,216],"class_list":["post-30120","post","type-post","status-publish","format-standard","has-post-thumbnail","hentry","category-gob-slp","tag-gobierno-del-estado","tag-san-luis-potosi","tag-sct"],"_links":{"self":[{"href":"https:\/\/gerardoduque.com.mx\/index.php?rest_route=\/wp\/v2\/posts\/30120","targetHints":{"allow":["GET"]}}],"collection":[{"href":"https:\/\/gerardoduque.com.mx\/index.php?rest_route=\/wp\/v2\/posts"}],"about":[{"href":"https:\/\/gerardoduque.com.mx\/index.php?rest_route=\/wp\/v2\/types\/post"}],"author":[{"embeddable":true,"href":"https:\/\/gerardoduque.com.mx\/index.php?rest_route=\/wp\/v2\/users\/4"}],"replies":[{"embeddable":true,"href":"https:\/\/gerardoduque.com.mx\/index.php?rest_route=%2Fwp%2Fv2%2Fcomments&post=30120"}],"version-history":[{"count":0,"href":"https:\/\/gerardoduque.com.mx\/index.php?rest_route=\/wp\/v2\/posts\/30120\/revisions"}],"wp:featuredmedia":[{"embeddable":true,"href":"https:\/\/gerardoduque.com.mx\/index.php?rest_route=\/wp\/v2\/media\/30121"}],"wp:attachment":[{"href":"https:\/\/gerardoduque.com.mx\/index.php?rest_route=%2Fwp%2Fv2%2Fmedia&parent=30120"}],"wp:term":[{"taxonomy":"category","embeddable":true,"href":"https:\/\/gerardoduque.com.mx\/index.php?rest_route=%2Fwp%2Fv2%2Fcategories&post=30120"},{"taxonomy":"post_tag","embeddable":true,"href":"https:\/\/gerardoduque.com.mx\/index.php?rest_route=%2Fwp%2Fv2%2Ftags&post=30120"}],"curies":[{"name":"wp","href":"https:\/\/api.w.org\/{rel}","templated":true}]}}