{"id":30117,"date":"2024-09-23T07:19:42","date_gmt":"2024-09-23T13:19:42","guid":{"rendered":"https:\/\/gerardoduque.com.mx\/?p=30117"},"modified":"2024-09-23T07:19:45","modified_gmt":"2024-09-23T13:19:45","slug":"se-realizo-concierto-de-la-orquesta-sinfonica-en-ciudad-valles","status":"publish","type":"post","link":"https:\/\/gerardoduque.com.mx\/?p=30117","title":{"rendered":"SE REALIZ\u00d3 CONCIERTO DE LA ORQUESTA SINF\u00d3NICA EN CIUDAD VALLES"},"content":{"rendered":"\n<p>La Secretar\u00eda de Cultura de Gobierno del Estado present\u00f3 con \u00e9xito a la Orquesta Sinf\u00f3nica de San Luis Potos\u00ed, dirigida por Jos\u00e9 Miramontes Zapata y con la participaci\u00f3n de la soprano Sara Alicia Estrada en una majestuosa interpretaci\u00f3n que fue ovacionada por el p\u00fablico a la celebraci\u00f3n del 30 aniversario del Centro Cultural de la Huasteca en Ciudad Valles.&nbsp;<\/p>\n\n\n\n<p>Se felicit\u00f3 a quienes hacen posible la actividad cultural desde el municipio huasteco y afirm\u00f3 que es una realidad la descentralizaci\u00f3n de la cultura.<\/p>\n\n\n\n<p>El objetivo de estas acciones es diversificar la agenda cultural, por lo que la dependencia seguir\u00e1 brindando m\u00e1s apoyo a las familias de las cuatro regiones con eventos en los diferentes recintos de los 59 municipios.<\/p>\n","protected":false},"excerpt":{"rendered":"<p>Se celebr\u00f3 los 30 a\u00f1os del Centro Cultural de Ciudad Valles.<\/p>\n","protected":false},"author":4,"featured_media":30118,"comment_status":"closed","ping_status":"closed","sticky":false,"template":"","format":"standard","meta":{"_et_pb_use_builder":"off","_et_pb_old_content":"","_et_gb_content_width":"","footnotes":""},"categories":[280],"tags":[72,66,200],"class_list":["post-30117","post","type-post","status-publish","format-standard","has-post-thumbnail","hentry","category-gob-slp","tag-gobierno-del-estado","tag-san-luis-potosi","tag-secult"],"_links":{"self":[{"href":"https:\/\/gerardoduque.com.mx\/index.php?rest_route=\/wp\/v2\/posts\/30117","targetHints":{"allow":["GET"]}}],"collection":[{"href":"https:\/\/gerardoduque.com.mx\/index.php?rest_route=\/wp\/v2\/posts"}],"about":[{"href":"https:\/\/gerardoduque.com.mx\/index.php?rest_route=\/wp\/v2\/types\/post"}],"author":[{"embeddable":true,"href":"https:\/\/gerardoduque.com.mx\/index.php?rest_route=\/wp\/v2\/users\/4"}],"replies":[{"embeddable":true,"href":"https:\/\/gerardoduque.com.mx\/index.php?rest_route=%2Fwp%2Fv2%2Fcomments&post=30117"}],"version-history":[{"count":0,"href":"https:\/\/gerardoduque.com.mx\/index.php?rest_route=\/wp\/v2\/posts\/30117\/revisions"}],"wp:featuredmedia":[{"embeddable":true,"href":"https:\/\/gerardoduque.com.mx\/index.php?rest_route=\/wp\/v2\/media\/30118"}],"wp:attachment":[{"href":"https:\/\/gerardoduque.com.mx\/index.php?rest_route=%2Fwp%2Fv2%2Fmedia&parent=30117"}],"wp:term":[{"taxonomy":"category","embeddable":true,"href":"https:\/\/gerardoduque.com.mx\/index.php?rest_route=%2Fwp%2Fv2%2Fcategories&post=30117"},{"taxonomy":"post_tag","embeddable":true,"href":"https:\/\/gerardoduque.com.mx\/index.php?rest_route=%2Fwp%2Fv2%2Ftags&post=30117"}],"curies":[{"name":"wp","href":"https:\/\/api.w.org\/{rel}","templated":true}]}}