{"id":30114,"date":"2024-09-23T07:16:35","date_gmt":"2024-09-23T13:16:35","guid":{"rendered":"https:\/\/gerardoduque.com.mx\/?p=30114"},"modified":"2024-09-23T07:16:38","modified_gmt":"2024-09-23T13:16:38","slug":"potosinos-destacan-en-el-festival-nacional-de-arte-y-cultura-2024","status":"publish","type":"post","link":"https:\/\/gerardoduque.com.mx\/?p=30114","title":{"rendered":"POTOSINOS DESTACAN EN EL FESTIVAL NACIONAL DE ARTE Y CULTURA 2024"},"content":{"rendered":"\n<p>Estudiantes del Colegio de Estudios Cient\u00edficos y Tecnol\u00f3gicos del Estado de San Luis Potos\u00ed para participaron en el Festival Nacional de Arte y Cultura, celebrado en Tampico, Tamaulipas del 17 al 20 de septiembre.<\/p>\n\n\n\n<p>En el FNAC participaron m\u00e1s de 70 alumnas de disciplinas art\u00edsticas como: danza, canto, escolta de bandera, banda de guerra, ajedrez, oratoria, declamaci\u00f3n, poes\u00eda, pintura entre otros, obteniendo primeros lugares a nivel nacional.<\/p>\n\n\n\n<p>De la participaci\u00f3n de los alumnos, resultaron ganadores el grupo Ek-balam plantel III del plantel Nuevo Progreso con el primer lugar nacional en danza; Bruno Salda\u00f1a, del plantel VIII Tezapotla,&nbsp; con el tercer lugar en dibujo y tercer lugar en escultura por parte del alumno Oscar Reyes del plantel IV Ponciano Arriaga.<\/p>\n\n\n\n<p>Por su parte el director del Cecyt, reconoci\u00f3 el esfuerzo de los participantes por los logros hist\u00f3ricos que obtuvieron, por su dedicaci\u00f3n y esfuerzo para poner en alto el nombre de San Luis Potos\u00ed a nivel nacional.<\/p>\n","protected":false},"excerpt":{"rendered":"<p>Alumnos del Cecyt en San Luis Potos\u00ed, obtuvieron primeros lugares a nivel nacional en competencias de arte y cultura<\/p>\n","protected":false},"author":4,"featured_media":30115,"comment_status":"closed","ping_status":"closed","sticky":false,"template":"","format":"standard","meta":{"_et_pb_use_builder":"off","_et_pb_old_content":"","_et_gb_content_width":"","footnotes":""},"categories":[280],"tags":[72,66],"class_list":["post-30114","post","type-post","status-publish","format-standard","has-post-thumbnail","hentry","category-gob-slp","tag-gobierno-del-estado","tag-san-luis-potosi"],"_links":{"self":[{"href":"https:\/\/gerardoduque.com.mx\/index.php?rest_route=\/wp\/v2\/posts\/30114","targetHints":{"allow":["GET"]}}],"collection":[{"href":"https:\/\/gerardoduque.com.mx\/index.php?rest_route=\/wp\/v2\/posts"}],"about":[{"href":"https:\/\/gerardoduque.com.mx\/index.php?rest_route=\/wp\/v2\/types\/post"}],"author":[{"embeddable":true,"href":"https:\/\/gerardoduque.com.mx\/index.php?rest_route=\/wp\/v2\/users\/4"}],"replies":[{"embeddable":true,"href":"https:\/\/gerardoduque.com.mx\/index.php?rest_route=%2Fwp%2Fv2%2Fcomments&post=30114"}],"version-history":[{"count":0,"href":"https:\/\/gerardoduque.com.mx\/index.php?rest_route=\/wp\/v2\/posts\/30114\/revisions"}],"wp:featuredmedia":[{"embeddable":true,"href":"https:\/\/gerardoduque.com.mx\/index.php?rest_route=\/wp\/v2\/media\/30115"}],"wp:attachment":[{"href":"https:\/\/gerardoduque.com.mx\/index.php?rest_route=%2Fwp%2Fv2%2Fmedia&parent=30114"}],"wp:term":[{"taxonomy":"category","embeddable":true,"href":"https:\/\/gerardoduque.com.mx\/index.php?rest_route=%2Fwp%2Fv2%2Fcategories&post=30114"},{"taxonomy":"post_tag","embeddable":true,"href":"https:\/\/gerardoduque.com.mx\/index.php?rest_route=%2Fwp%2Fv2%2Ftags&post=30114"}],"curies":[{"name":"wp","href":"https:\/\/api.w.org\/{rel}","templated":true}]}}