{"id":30103,"date":"2024-09-22T09:25:31","date_gmt":"2024-09-22T15:25:31","guid":{"rendered":"https:\/\/gerardoduque.com.mx\/?p=30103"},"modified":"2024-09-22T09:25:34","modified_gmt":"2024-09-22T15:25:34","slug":"brindaran-descuentos-en-certificacionens-y-capacitaciones-a-trabajadores-del-estado","status":"publish","type":"post","link":"https:\/\/gerardoduque.com.mx\/?p=30103","title":{"rendered":"BRINDAR\u00c1N DESCUENTOS EN CERTIFICACIONENS Y CAPACITACIONES A TRABAJADORES DEL ESTADO"},"content":{"rendered":"\n<p>El Instituto de Capacitaci\u00f3n para el Trabajo y la Oficial\u00eda Mayor del Gobierno del Estado, firmaron un convenio de colaboraci\u00f3n institucional, para brindar m\u00e1s apoyo a los servidores p\u00fablicos de San Luis Potos\u00ed con descuentos en programas de certificaci\u00f3n y capacitaciones regulares.&nbsp;<\/p>\n\n\n\n<p>Para seguir impartiendo e impulsando la capacitaci\u00f3n de los trabajadores estatales, con el convenio, los funcionarios p\u00fablicos se benefician con el 50 por ciento de descuento sobre las cuotas de recuperaci\u00f3n en los programas de Certificaci\u00f3n en los Est\u00e1ndares de Competencia y el 10 por ciento en los cursos de capacitaci\u00f3n regulares que oferta el Icat.<\/p>\n\n\n\n<p>El Icat inform\u00f3 que seguir\u00e1 acercando mejores oportunidades a los potosinos de las cuatro regiones, brindando formaci\u00f3n profesional de manera conjunta para las personas servidoras p\u00fablicas de la administraci\u00f3n actual y el p\u00fablico en general, en beneficio de la econom\u00eda y el desarrollo de las familias potosinas.<\/p>\n","protected":false},"excerpt":{"rendered":"<p>El Icat y la Oficial\u00eda Mayor firmaron un acuerdo para brindar descuentos a los servidores p\u00fablicos del Estado, para continuar su profesionalizaci\u00f3n<\/p>\n","protected":false},"author":4,"featured_media":30104,"comment_status":"closed","ping_status":"closed","sticky":false,"template":"","format":"standard","meta":{"_et_pb_use_builder":"off","_et_pb_old_content":"","_et_gb_content_width":"","footnotes":""},"categories":[280],"tags":[72,281,289,66],"class_list":["post-30103","post","type-post","status-publish","format-standard","has-post-thumbnail","hentry","category-gob-slp","tag-gobierno-del-estado","tag-icat","tag-oficialia-mayor","tag-san-luis-potosi"],"_links":{"self":[{"href":"https:\/\/gerardoduque.com.mx\/index.php?rest_route=\/wp\/v2\/posts\/30103","targetHints":{"allow":["GET"]}}],"collection":[{"href":"https:\/\/gerardoduque.com.mx\/index.php?rest_route=\/wp\/v2\/posts"}],"about":[{"href":"https:\/\/gerardoduque.com.mx\/index.php?rest_route=\/wp\/v2\/types\/post"}],"author":[{"embeddable":true,"href":"https:\/\/gerardoduque.com.mx\/index.php?rest_route=\/wp\/v2\/users\/4"}],"replies":[{"embeddable":true,"href":"https:\/\/gerardoduque.com.mx\/index.php?rest_route=%2Fwp%2Fv2%2Fcomments&post=30103"}],"version-history":[{"count":0,"href":"https:\/\/gerardoduque.com.mx\/index.php?rest_route=\/wp\/v2\/posts\/30103\/revisions"}],"wp:featuredmedia":[{"embeddable":true,"href":"https:\/\/gerardoduque.com.mx\/index.php?rest_route=\/wp\/v2\/media\/30104"}],"wp:attachment":[{"href":"https:\/\/gerardoduque.com.mx\/index.php?rest_route=%2Fwp%2Fv2%2Fmedia&parent=30103"}],"wp:term":[{"taxonomy":"category","embeddable":true,"href":"https:\/\/gerardoduque.com.mx\/index.php?rest_route=%2Fwp%2Fv2%2Fcategories&post=30103"},{"taxonomy":"post_tag","embeddable":true,"href":"https:\/\/gerardoduque.com.mx\/index.php?rest_route=%2Fwp%2Fv2%2Ftags&post=30103"}],"curies":[{"name":"wp","href":"https:\/\/api.w.org\/{rel}","templated":true}]}}