{"id":30097,"date":"2024-09-22T09:10:05","date_gmt":"2024-09-22T15:10:05","guid":{"rendered":"https:\/\/gerardoduque.com.mx\/?p=30097"},"modified":"2024-09-22T09:10:07","modified_gmt":"2024-09-22T15:10:07","slug":"programa-menstruacion-digna-llega-a-rayon-y-cardenas","status":"publish","type":"post","link":"https:\/\/gerardoduque.com.mx\/?p=30097","title":{"rendered":"PROGRAMA MENSTRUACI\u00d3N DIGNA LLEGA A RAY\u00d3N Y C\u00c1RDENAS"},"content":{"rendered":"\n<p>Para brindar m\u00e1s apoyo a las mujeres en su derecho de vivir su ciclo menstrual de forma saludable y digna, el Sistema Estatal para el Desarrollo Integral de la Familia entreg\u00f3 en Ray\u00f3n y C\u00e1rdenas, m\u00e1s de mil kits del Programa Menstruaci\u00f3n Digna, que consisten en un paquete con insumos reutilizables.<\/p>\n\n\n\n<p>Esta iniciativa contribuye a que las mujeres y ni\u00f1as cuenten con acceso a los insumos necesarios para una salud digna y sin barreras, pues la entrega de productos se complementa con talleres sobre el autoconocimiento y desarrollo del ciclo menstrual, as\u00ed como la prevenci\u00f3n de embarazos en adolescentes, para orientar a la poblaci\u00f3n sobre el ejercicio de una sexualidad responsable, contribuyendo a romper tab\u00faes y a fomentar la igualdad.<\/p>\n\n\n\n<p>A los eventos acudi\u00f3 como invitada la Senadora de la Rep\u00fablica, Ruth Gonz\u00e1lez Silva, quien afirm\u00f3 que este programa garantiza el acceso gratuito a insumos sanitarios para las personas menstruantes, lo que es un gran apoyo a su econom\u00eda y al medio ambiente.&nbsp;<\/p>\n\n\n\n<p>Adem\u00e1s, con la finalidad de brindar apoyo a la poblaci\u00f3n vulnerable de la regi\u00f3n, se realiz\u00f3 la entrega de ayudas t\u00e9cnicas, mismas que consisten en sillas de ruedas, bastones, andaderas, entre otros; as\u00ed como la distribuci\u00f3n de insumos del programa alimentario de atenci\u00f3n prioritaria.<\/p>\n","protected":false},"excerpt":{"rendered":"<p>M\u00e1s de mil mujeres fueron beneficiadas con productos reutilizables que generar\u00e1n ahorro.<\/p>\n","protected":false},"author":4,"featured_media":30098,"comment_status":"closed","ping_status":"closed","sticky":false,"template":"","format":"standard","meta":{"_et_pb_use_builder":"off","_et_pb_old_content":"","_et_gb_content_width":"","footnotes":""},"categories":[280],"tags":[180,72,66],"class_list":["post-30097","post","type-post","status-publish","format-standard","has-post-thumbnail","hentry","category-gob-slp","tag-dif-estatal","tag-gobierno-del-estado","tag-san-luis-potosi"],"_links":{"self":[{"href":"https:\/\/gerardoduque.com.mx\/index.php?rest_route=\/wp\/v2\/posts\/30097","targetHints":{"allow":["GET"]}}],"collection":[{"href":"https:\/\/gerardoduque.com.mx\/index.php?rest_route=\/wp\/v2\/posts"}],"about":[{"href":"https:\/\/gerardoduque.com.mx\/index.php?rest_route=\/wp\/v2\/types\/post"}],"author":[{"embeddable":true,"href":"https:\/\/gerardoduque.com.mx\/index.php?rest_route=\/wp\/v2\/users\/4"}],"replies":[{"embeddable":true,"href":"https:\/\/gerardoduque.com.mx\/index.php?rest_route=%2Fwp%2Fv2%2Fcomments&post=30097"}],"version-history":[{"count":0,"href":"https:\/\/gerardoduque.com.mx\/index.php?rest_route=\/wp\/v2\/posts\/30097\/revisions"}],"wp:featuredmedia":[{"embeddable":true,"href":"https:\/\/gerardoduque.com.mx\/index.php?rest_route=\/wp\/v2\/media\/30098"}],"wp:attachment":[{"href":"https:\/\/gerardoduque.com.mx\/index.php?rest_route=%2Fwp%2Fv2%2Fmedia&parent=30097"}],"wp:term":[{"taxonomy":"category","embeddable":true,"href":"https:\/\/gerardoduque.com.mx\/index.php?rest_route=%2Fwp%2Fv2%2Fcategories&post=30097"},{"taxonomy":"post_tag","embeddable":true,"href":"https:\/\/gerardoduque.com.mx\/index.php?rest_route=%2Fwp%2Fv2%2Ftags&post=30097"}],"curies":[{"name":"wp","href":"https:\/\/api.w.org\/{rel}","templated":true}]}}