{"id":30094,"date":"2024-09-22T09:06:18","date_gmt":"2024-09-22T15:06:18","guid":{"rendered":"https:\/\/gerardoduque.com.mx\/?p=30094"},"modified":"2024-09-22T09:06:21","modified_gmt":"2024-09-22T15:06:21","slug":"programa-para-la-prevencion-de-la-violencia-y-la-delincuencia-ha-llegado-a-mas-de-200-mil-potosinos","status":"publish","type":"post","link":"https:\/\/gerardoduque.com.mx\/?p=30094","title":{"rendered":"PROGRAMA PARA LA PREVENCI\u00d3N DE LA VIOLENCIA Y LA DELINCUENCIA HA LLEGADO A M\u00c1S DE 200 MIL POTOSINOS"},"content":{"rendered":"\n<p>En 2024, m\u00e1s de 200 mil personas, entre estudiantes, madres y padres de familia, docentes y p\u00fablico en general, fueron sensibilizadas a trav\u00e9s del Programa Estatal de Prevenci\u00f3n Social de la Violencia y la Delincuencia, del Secretariado Ejecutivo del Consejo Estatal de Seguridad P\u00fablica.<\/p>\n\n\n\n<p>El programa \u201cPrevenci\u00f3n para las y los potosinos\u201d, desarrolla las campa\u00f1as para promover la conciencia y la participaci\u00f3n de ni\u00f1as, ni\u00f1os, adolescentes, j\u00f3venes, madres de familia, padres de familia y docentes en la prevenci\u00f3n de riesgos y problem\u00e1ticas asociadas como la violencia de g\u00e9nero, riesgos digitales, as\u00ed como la problem\u00e1tica de las adicciones y el maltrato animal.<\/p>\n\n\n\n<p>La titular del SECESP detall\u00f3 que, a trav\u00e9s de la educaci\u00f3n, sensibilizaci\u00f3n y promoci\u00f3n de conductas responsables, la dependencia busca construir un entorno virtual y social m\u00e1s seguro y saludable para todos.<\/p>\n","protected":false},"excerpt":{"rendered":"<p>Se atienden problem\u00e1ticas asociadas a la violencia de g\u00e9nero, riesgos digitales, adicciones y maltrato animal<\/p>\n","protected":false},"author":4,"featured_media":30095,"comment_status":"closed","ping_status":"closed","sticky":false,"template":"","format":"standard","meta":{"_et_pb_use_builder":"off","_et_pb_old_content":"","_et_gb_content_width":"","footnotes":""},"categories":[280],"tags":[72,66,344],"class_list":["post-30094","post","type-post","status-publish","format-standard","has-post-thumbnail","hentry","category-gob-slp","tag-gobierno-del-estado","tag-san-luis-potosi","tag-secesp"],"_links":{"self":[{"href":"https:\/\/gerardoduque.com.mx\/index.php?rest_route=\/wp\/v2\/posts\/30094","targetHints":{"allow":["GET"]}}],"collection":[{"href":"https:\/\/gerardoduque.com.mx\/index.php?rest_route=\/wp\/v2\/posts"}],"about":[{"href":"https:\/\/gerardoduque.com.mx\/index.php?rest_route=\/wp\/v2\/types\/post"}],"author":[{"embeddable":true,"href":"https:\/\/gerardoduque.com.mx\/index.php?rest_route=\/wp\/v2\/users\/4"}],"replies":[{"embeddable":true,"href":"https:\/\/gerardoduque.com.mx\/index.php?rest_route=%2Fwp%2Fv2%2Fcomments&post=30094"}],"version-history":[{"count":0,"href":"https:\/\/gerardoduque.com.mx\/index.php?rest_route=\/wp\/v2\/posts\/30094\/revisions"}],"wp:featuredmedia":[{"embeddable":true,"href":"https:\/\/gerardoduque.com.mx\/index.php?rest_route=\/wp\/v2\/media\/30095"}],"wp:attachment":[{"href":"https:\/\/gerardoduque.com.mx\/index.php?rest_route=%2Fwp%2Fv2%2Fmedia&parent=30094"}],"wp:term":[{"taxonomy":"category","embeddable":true,"href":"https:\/\/gerardoduque.com.mx\/index.php?rest_route=%2Fwp%2Fv2%2Fcategories&post=30094"},{"taxonomy":"post_tag","embeddable":true,"href":"https:\/\/gerardoduque.com.mx\/index.php?rest_route=%2Fwp%2Fv2%2Ftags&post=30094"}],"curies":[{"name":"wp","href":"https:\/\/api.w.org\/{rel}","templated":true}]}}