{"id":30091,"date":"2024-09-22T09:01:58","date_gmt":"2024-09-22T15:01:58","guid":{"rendered":"https:\/\/gerardoduque.com.mx\/?p=30091"},"modified":"2024-09-22T09:02:00","modified_gmt":"2024-09-22T15:02:00","slug":"hasta-528-operativos-realizo-proteccion-civil-en-el-ultimo-ano","status":"publish","type":"post","link":"https:\/\/gerardoduque.com.mx\/?p=30091","title":{"rendered":"HASTA 528 OPERATIVOS REALIZ\u00d3 PROTECCI\u00d3N CIVIL EN EL \u00daLTIMO A\u00d1O"},"content":{"rendered":"\n<p>Durante este tercer a\u00f1o, la Coordinaci\u00f3n Estatal de Protecci\u00f3n Civil ha implementado 528 operativos para la atenci\u00f3n a eventos masivos, emergencias y fen\u00f3menos metereol\u00f3gicos, con la finalidad de salvaguardar la integridad f\u00edsica, sus bienes y el entorno de los potosinos.<\/p>\n\n\n\n<p>El director de la dependencia estatal destaca la atenci\u00f3n que se dio en la pasada temporada invernal con el Operativo Invierno Seguro, donde fueron atendidas 960 personas en situaci\u00f3n de calle y que fueron trasladadas a alguno de los 66 refugios temporales, adem\u00e1s de la entrega de apoyos invernales a veinte municipios para que le hicieran frente a la temporada.<\/p>\n\n\n\n<p>Precis\u00f3 que es importante la implementaci\u00f3n de operativos en materia de protecci\u00f3n civil ya que se protege a la poblaci\u00f3n y sus bienes ante emergencias y desastres, adem\u00e1s de que en dichos operativos se act\u00faa en todo el proceso de la gesti\u00f3n de riesgos, desde la prevenci\u00f3n a largo plazo hasta la acci\u00f3n a corto plazo, por ello es importante para la dependencia llevarlos a cabo de manera constante.<\/p>\n","protected":false},"excerpt":{"rendered":"<p>Se han atendido diferentes eventos masivos, fen\u00f3menos meteorol\u00f3gicos y emergencias.<\/p>\n","protected":false},"author":4,"featured_media":30092,"comment_status":"closed","ping_status":"closed","sticky":false,"template":"","format":"standard","meta":{"_et_pb_use_builder":"off","_et_pb_old_content":"","_et_gb_content_width":"","footnotes":""},"categories":[412,280],"tags":[190,72,66],"class_list":["post-30091","post","type-post","status-publish","format-standard","has-post-thumbnail","hentry","category-destacado","category-gob-slp","tag-cepc","tag-gobierno-del-estado","tag-san-luis-potosi"],"_links":{"self":[{"href":"https:\/\/gerardoduque.com.mx\/index.php?rest_route=\/wp\/v2\/posts\/30091","targetHints":{"allow":["GET"]}}],"collection":[{"href":"https:\/\/gerardoduque.com.mx\/index.php?rest_route=\/wp\/v2\/posts"}],"about":[{"href":"https:\/\/gerardoduque.com.mx\/index.php?rest_route=\/wp\/v2\/types\/post"}],"author":[{"embeddable":true,"href":"https:\/\/gerardoduque.com.mx\/index.php?rest_route=\/wp\/v2\/users\/4"}],"replies":[{"embeddable":true,"href":"https:\/\/gerardoduque.com.mx\/index.php?rest_route=%2Fwp%2Fv2%2Fcomments&post=30091"}],"version-history":[{"count":0,"href":"https:\/\/gerardoduque.com.mx\/index.php?rest_route=\/wp\/v2\/posts\/30091\/revisions"}],"wp:featuredmedia":[{"embeddable":true,"href":"https:\/\/gerardoduque.com.mx\/index.php?rest_route=\/wp\/v2\/media\/30092"}],"wp:attachment":[{"href":"https:\/\/gerardoduque.com.mx\/index.php?rest_route=%2Fwp%2Fv2%2Fmedia&parent=30091"}],"wp:term":[{"taxonomy":"category","embeddable":true,"href":"https:\/\/gerardoduque.com.mx\/index.php?rest_route=%2Fwp%2Fv2%2Fcategories&post=30091"},{"taxonomy":"post_tag","embeddable":true,"href":"https:\/\/gerardoduque.com.mx\/index.php?rest_route=%2Fwp%2Fv2%2Ftags&post=30091"}],"curies":[{"name":"wp","href":"https:\/\/api.w.org\/{rel}","templated":true}]}}