{"id":30065,"date":"2024-09-21T14:54:06","date_gmt":"2024-09-21T20:54:06","guid":{"rendered":"https:\/\/gerardoduque.com.mx\/?p=30065"},"modified":"2024-09-21T14:54:09","modified_gmt":"2024-09-21T20:54:09","slug":"trabajadores-del-estado-podran-acceder-a-becas-en-la-universidad-jose-vasconcelos","status":"publish","type":"post","link":"https:\/\/gerardoduque.com.mx\/?p=30065","title":{"rendered":"TRABAJADORES DEL ESTADO PODR\u00c1N ACCEDER A BECAS EN LA UNIVERSIDAD JOS\u00c9 VASCONCELOS"},"content":{"rendered":"\n<p>La Oficial\u00eda Mayor del Ejecutivo y la Universidad Jos\u00e9 Vasconcelos, signaron un convenio de colaboraci\u00f3n para que las personas servidoras p\u00fablicas y familiares directos puedan acceder a becas educativas en bachillerato y licenciaturas.<\/p>\n\n\n\n<p>El titular de la Oficial\u00eda Mayor inform\u00f3 que gestionan convenios para brindar capacitaci\u00f3n que busca impulsar el desarrollo del Estado, por lo que resalt\u00f3 la firma de este convenio, que ampliar\u00e1n la oferta para la base trabajadora a trav\u00e9s de licenciaturas, maestr\u00edas y posgrados.<\/p>\n\n\n\n<p>Los beneficios ser\u00e1n aplicados para los alumnos de nuevo ingreso, sean colaboradores, familiares directos, c\u00f3nyuge o pareja, y record\u00f3 que el \u201cGrupo Vasconcelos\u201d tambi\u00e9n ofrece conferencias y talleres dirigidos a las personas servidoras p\u00fablicas para obtener una profesionalizaci\u00f3n permanente.<\/p>\n","protected":false},"excerpt":{"rendered":"<p>Los beneficios ser\u00e1n aplicados para los alumnos de nuevo ingreso, sean colaboradores, familiares directos, c\u00f3nyuge o pareja.<\/p>\n","protected":false},"author":4,"featured_media":30066,"comment_status":"closed","ping_status":"closed","sticky":false,"template":"","format":"standard","meta":{"_et_pb_use_builder":"off","_et_pb_old_content":"","_et_gb_content_width":"","footnotes":""},"categories":[280],"tags":[72,289,66],"class_list":["post-30065","post","type-post","status-publish","format-standard","has-post-thumbnail","hentry","category-gob-slp","tag-gobierno-del-estado","tag-oficialia-mayor","tag-san-luis-potosi"],"_links":{"self":[{"href":"https:\/\/gerardoduque.com.mx\/index.php?rest_route=\/wp\/v2\/posts\/30065","targetHints":{"allow":["GET"]}}],"collection":[{"href":"https:\/\/gerardoduque.com.mx\/index.php?rest_route=\/wp\/v2\/posts"}],"about":[{"href":"https:\/\/gerardoduque.com.mx\/index.php?rest_route=\/wp\/v2\/types\/post"}],"author":[{"embeddable":true,"href":"https:\/\/gerardoduque.com.mx\/index.php?rest_route=\/wp\/v2\/users\/4"}],"replies":[{"embeddable":true,"href":"https:\/\/gerardoduque.com.mx\/index.php?rest_route=%2Fwp%2Fv2%2Fcomments&post=30065"}],"version-history":[{"count":0,"href":"https:\/\/gerardoduque.com.mx\/index.php?rest_route=\/wp\/v2\/posts\/30065\/revisions"}],"wp:featuredmedia":[{"embeddable":true,"href":"https:\/\/gerardoduque.com.mx\/index.php?rest_route=\/wp\/v2\/media\/30066"}],"wp:attachment":[{"href":"https:\/\/gerardoduque.com.mx\/index.php?rest_route=%2Fwp%2Fv2%2Fmedia&parent=30065"}],"wp:term":[{"taxonomy":"category","embeddable":true,"href":"https:\/\/gerardoduque.com.mx\/index.php?rest_route=%2Fwp%2Fv2%2Fcategories&post=30065"},{"taxonomy":"post_tag","embeddable":true,"href":"https:\/\/gerardoduque.com.mx\/index.php?rest_route=%2Fwp%2Fv2%2Ftags&post=30065"}],"curies":[{"name":"wp","href":"https:\/\/api.w.org\/{rel}","templated":true}]}}