{"id":30058,"date":"2024-09-21T06:46:23","date_gmt":"2024-09-21T12:46:23","guid":{"rendered":"https:\/\/gerardoduque.com.mx\/?p=30058"},"modified":"2024-09-21T06:46:26","modified_gmt":"2024-09-21T12:46:26","slug":"participa-danza-del-rebozo-de-coxcatlan-en-el-festival-de-la-huasteca-2024","status":"publish","type":"post","link":"https:\/\/gerardoduque.com.mx\/?p=30058","title":{"rendered":"PARTICIPA DANZA DEL REBOZO DE COXCATL\u00c1N EN EL FESTIVAL DE LA HUASTECA 2024"},"content":{"rendered":"\n<p>El grupo Moctezuma del municipio de Coxcatl\u00e1n, representa a San Luis Potos\u00ed con la \u00abDanza del Rebozo\u00bb en el XXVII Festival de la Huasteca, Tradici\u00f3n en Transformaci\u00f3n, que se lleva a cabo del 19 al 21 en Tampico, Tamaulipas, como parte de las acciones de fomento y protecci\u00f3n del patrimonio cultural del Estado.<\/p>\n\n\n\n<p>La intenci\u00f3n es brindar m\u00e1s apoyo a los habitantes de los pueblos y comunidades ind\u00edgenas, por lo que el grupo que representar\u00e1 a la Huasteca potosina est\u00e1 conformado por potosinos de las comunidades de Cuilonico, Suachiaco y Moyotla, de Coxcatl\u00e1n, quienes hablan la lengua materna n\u00e1huatl, incluyendo ni\u00f1as, ni\u00f1os y j\u00f3venes.<\/p>\n\n\n\n<p>La Danza del Rebozo es un s\u00edmbolo de la identidad cultural de la Huasteca potosina y de la riqueza cultural de M\u00e9xico, expresi\u00f3n de la tradici\u00f3n y la herencia cultural, por lo que promover la participaci\u00f3n de las comunidades ind\u00edgenas del Estado durante este festival, abona a la estrategia nacional para rescatar, preservar, difundir y fortalecer las expresiones del patrimonio cultural del estado y del pa\u00eds.<\/p>\n","protected":false},"excerpt":{"rendered":"<p>El grupo representa dignamente a San Luis Potos\u00ed, y comparte su riqueza cultural en este festival que se realiza en Tampico, Tamaulipas, del 19 al 21 de septiembre <\/p>\n","protected":false},"author":4,"featured_media":30059,"comment_status":"closed","ping_status":"closed","sticky":false,"template":"","format":"standard","meta":{"_et_pb_use_builder":"off","_et_pb_old_content":"","_et_gb_content_width":"","footnotes":""},"categories":[280],"tags":[72,395,66],"class_list":["post-30058","post","type-post","status-publish","format-standard","has-post-thumbnail","hentry","category-gob-slp","tag-gobierno-del-estado","tag-indepi","tag-san-luis-potosi"],"_links":{"self":[{"href":"https:\/\/gerardoduque.com.mx\/index.php?rest_route=\/wp\/v2\/posts\/30058","targetHints":{"allow":["GET"]}}],"collection":[{"href":"https:\/\/gerardoduque.com.mx\/index.php?rest_route=\/wp\/v2\/posts"}],"about":[{"href":"https:\/\/gerardoduque.com.mx\/index.php?rest_route=\/wp\/v2\/types\/post"}],"author":[{"embeddable":true,"href":"https:\/\/gerardoduque.com.mx\/index.php?rest_route=\/wp\/v2\/users\/4"}],"replies":[{"embeddable":true,"href":"https:\/\/gerardoduque.com.mx\/index.php?rest_route=%2Fwp%2Fv2%2Fcomments&post=30058"}],"version-history":[{"count":0,"href":"https:\/\/gerardoduque.com.mx\/index.php?rest_route=\/wp\/v2\/posts\/30058\/revisions"}],"wp:featuredmedia":[{"embeddable":true,"href":"https:\/\/gerardoduque.com.mx\/index.php?rest_route=\/wp\/v2\/media\/30059"}],"wp:attachment":[{"href":"https:\/\/gerardoduque.com.mx\/index.php?rest_route=%2Fwp%2Fv2%2Fmedia&parent=30058"}],"wp:term":[{"taxonomy":"category","embeddable":true,"href":"https:\/\/gerardoduque.com.mx\/index.php?rest_route=%2Fwp%2Fv2%2Fcategories&post=30058"},{"taxonomy":"post_tag","embeddable":true,"href":"https:\/\/gerardoduque.com.mx\/index.php?rest_route=%2Fwp%2Fv2%2Ftags&post=30058"}],"curies":[{"name":"wp","href":"https:\/\/api.w.org\/{rel}","templated":true}]}}